{"id":26184,"date":"2025-01-15T11:37:49","date_gmt":"2025-01-15T09:37:49","guid":{"rendered":"https:\/\/thisiskool.com\/blog\/?p=26184"},"modified":"2025-01-21T13:55:19","modified_gmt":"2025-01-21T11:55:19","slug":"una-boda-de-ensueno-ari-y-marc-en-can-ribas-de-montbui","status":"publish","type":"post","link":"https:\/\/thisiskool.com\/blog\/una-boda-de-ensueno-ari-y-marc-en-can-ribas-de-montbui\/","title":{"rendered":"Una boda de ensue\u00f1o: Ari y Marc en Can Ribas de Montbui"},"content":{"rendered":"<p style=\"text-align: justify;\">Cuando Ariadna y Marc nos enviaron las fotos de los detalles y regalos de su boda, no pudimos resistirnos a pedirles permiso para compartirlas. Su boda, celebrada en <strong>Can Ribas de Montbui<\/strong>, fue un evento cuidado hasta el m\u00e1s m\u00ednimo detalle: <strong>emotiva, m\u00e1gica y llena de abrazos<\/strong> sinceros. Una celebraci\u00f3n que, adem\u00e1s de rom\u00e1ntica, reflejaba su personalidad y el cari\u00f1o que pusieron en cada rinc\u00f3n.<\/p>\n<h4><strong>Un lugar lleno de significado<\/strong><\/h4>\n<p style=\"text-align: justify;\"><img loading=\"lazy\" decoding=\"async\" class=\"alignnone size-full wp-image-26202\" src=\"https:\/\/thisiskool.com\/blog\/wp-content\/uploads\/2025\/01\/Una-boda-emotiva-Ari-y-Marc-en-Can-Ribas-de-Montbui-000.jpg\" alt=\"Momento emotivo novios en ceremonia\" width=\"1200\" height=\"800\" srcset=\"https:\/\/thisiskool.com\/blog\/wp-content\/uploads\/2025\/01\/Una-boda-emotiva-Ari-y-Marc-en-Can-Ribas-de-Montbui-000.jpg 1200w, https:\/\/thisiskool.com\/blog\/wp-content\/uploads\/2025\/01\/Una-boda-emotiva-Ari-y-Marc-en-Can-Ribas-de-Montbui-000-1024x683.jpg 1024w, https:\/\/thisiskool.com\/blog\/wp-content\/uploads\/2025\/01\/Una-boda-emotiva-Ari-y-Marc-en-Can-Ribas-de-Montbui-000-768x512.jpg 768w, https:\/\/thisiskool.com\/blog\/wp-content\/uploads\/2025\/01\/Una-boda-emotiva-Ari-y-Marc-en-Can-Ribas-de-Montbui-000-720x480.jpg 720w\" sizes=\"(max-width: 1200px) 100vw, 1200px\" \/><\/p>\n<p style=\"text-align: justify;\"><img loading=\"lazy\" decoding=\"async\" class=\"alignnone size-full wp-image-26185\" src=\"https:\/\/thisiskool.com\/blog\/wp-content\/uploads\/2025\/01\/Una-boda-emotiva-Ari-y-Marc-en-Can-Ribas-de-Montbui-01.jpg\" alt=\"Vista de las monta\u00f1as alrededor de Can Ribas de Montbui, un lugar lleno de encanto para bodas inolvidables.\" width=\"1200\" height=\"789\" srcset=\"https:\/\/thisiskool.com\/blog\/wp-content\/uploads\/2025\/01\/Una-boda-emotiva-Ari-y-Marc-en-Can-Ribas-de-Montbui-01.jpg 1200w, https:\/\/thisiskool.com\/blog\/wp-content\/uploads\/2025\/01\/Una-boda-emotiva-Ari-y-Marc-en-Can-Ribas-de-Montbui-01-1024x673.jpg 1024w, https:\/\/thisiskool.com\/blog\/wp-content\/uploads\/2025\/01\/Una-boda-emotiva-Ari-y-Marc-en-Can-Ribas-de-Montbui-01-768x505.jpg 768w, https:\/\/thisiskool.com\/blog\/wp-content\/uploads\/2025\/01\/Una-boda-emotiva-Ari-y-Marc-en-Can-Ribas-de-Montbui-01-720x473.jpg 720w\" sizes=\"(max-width: 1200px) 100vw, 1200px\" \/><\/p>\n<p style=\"text-align: justify;\"><img loading=\"lazy\" decoding=\"async\" class=\"alignnone size-full wp-image-26186\" src=\"https:\/\/thisiskool.com\/blog\/wp-content\/uploads\/2025\/01\/Una-boda-emotiva-Ari-y-Marc-en-Can-Ribas-de-Montbui-02.jpg\" alt=\"Comedor de la boda decorado con tonos verdes, luces c\u00e1lidas y detalles personalizados para cada invitado.\" width=\"1200\" height=\"800\" srcset=\"https:\/\/thisiskool.com\/blog\/wp-content\/uploads\/2025\/01\/Una-boda-emotiva-Ari-y-Marc-en-Can-Ribas-de-Montbui-02.jpg 1200w, https:\/\/thisiskool.com\/blog\/wp-content\/uploads\/2025\/01\/Una-boda-emotiva-Ari-y-Marc-en-Can-Ribas-de-Montbui-02-1024x683.jpg 1024w, https:\/\/thisiskool.com\/blog\/wp-content\/uploads\/2025\/01\/Una-boda-emotiva-Ari-y-Marc-en-Can-Ribas-de-Montbui-02-768x512.jpg 768w, https:\/\/thisiskool.com\/blog\/wp-content\/uploads\/2025\/01\/Una-boda-emotiva-Ari-y-Marc-en-Can-Ribas-de-Montbui-02-720x480.jpg 720w\" sizes=\"(max-width: 1200px) 100vw, 1200px\" \/><\/p>\n<p style=\"text-align: justify;\">La boda tuvo lugar una noche de noviembre en <a href=\"https:\/\/canribas.com\/\" target=\"_blank\" rel=\"noopener\"><strong>Can Ribas de Montbui<\/strong><\/a>, un espacio perfecto para eventos \u00edntimos y con encanto. Para Ari, este lugar ten\u00eda un significado especial: <em>se hab\u00eda criado a tan solo cinco calles de all\u00ed, y las monta\u00f1as que rodean el restaurante siempre hab\u00edan sido su paisaje favorito<\/em>. As\u00ed que, para ella, casarse aqu\u00ed era como cerrar un c\u00edrculo y compartir con sus seres queridos un pedacito de su historia personal.<\/p>\n<h4><strong>Inspiraci\u00f3n: Verde, velas y luz tenue<\/strong><\/h4>\n<p style=\"text-align: justify;\"><img loading=\"lazy\" decoding=\"async\" class=\"alignnone size-full wp-image-26187\" src=\"https:\/\/thisiskool.com\/blog\/wp-content\/uploads\/2025\/01\/Una-boda-emotiva-Ari-y-Marc-en-Can-Ribas-de-Montbui-03.jpg\" alt=\"Seating emotivo hecho por los novios. \" width=\"1200\" height=\"815\" srcset=\"https:\/\/thisiskool.com\/blog\/wp-content\/uploads\/2025\/01\/Una-boda-emotiva-Ari-y-Marc-en-Can-Ribas-de-Montbui-03.jpg 1200w, https:\/\/thisiskool.com\/blog\/wp-content\/uploads\/2025\/01\/Una-boda-emotiva-Ari-y-Marc-en-Can-Ribas-de-Montbui-03-1024x695.jpg 1024w, https:\/\/thisiskool.com\/blog\/wp-content\/uploads\/2025\/01\/Una-boda-emotiva-Ari-y-Marc-en-Can-Ribas-de-Montbui-03-768x522.jpg 768w, https:\/\/thisiskool.com\/blog\/wp-content\/uploads\/2025\/01\/Una-boda-emotiva-Ari-y-Marc-en-Can-Ribas-de-Montbui-03-720x489.jpg 720w\" sizes=\"(max-width: 1200px) 100vw, 1200px\" \/><\/p>\n<p style=\"text-align: justify;\"><img loading=\"lazy\" decoding=\"async\" class=\"alignnone size-full wp-image-26188\" src=\"https:\/\/thisiskool.com\/blog\/wp-content\/uploads\/2025\/01\/Una-boda-emotiva-Ari-y-Marc-en-Can-Ribas-de-Montbui-04.jpg\" alt=\"Papeler\u00eda personalizada para boda dise\u00f1ada por los novios, con un estilo rom\u00e1ntico y natural\" width=\"1200\" height=\"1535\" srcset=\"https:\/\/thisiskool.com\/blog\/wp-content\/uploads\/2025\/01\/Una-boda-emotiva-Ari-y-Marc-en-Can-Ribas-de-Montbui-04.jpg 1200w, https:\/\/thisiskool.com\/blog\/wp-content\/uploads\/2025\/01\/Una-boda-emotiva-Ari-y-Marc-en-Can-Ribas-de-Montbui-04-801x1024.jpg 801w, https:\/\/thisiskool.com\/blog\/wp-content\/uploads\/2025\/01\/Una-boda-emotiva-Ari-y-Marc-en-Can-Ribas-de-Montbui-04-768x982.jpg 768w, https:\/\/thisiskool.com\/blog\/wp-content\/uploads\/2025\/01\/Una-boda-emotiva-Ari-y-Marc-en-Can-Ribas-de-Montbui-04-720x921.jpg 720w\" sizes=\"(max-width: 1200px) 100vw, 1200px\" \/><\/p>\n<p style=\"text-align: justify;\"><img loading=\"lazy\" decoding=\"async\" class=\"alignnone size-full wp-image-26200\" src=\"https:\/\/thisiskool.com\/blog\/wp-content\/uploads\/2025\/01\/Una-boda-emotiva-Ari-y-Marc-en-Can-Ribas-de-Montbui-00.jpg\" alt=\"Pareja de novios que preparan su boda ellos mismos en Can Ribas\" width=\"1200\" height=\"1800\" srcset=\"https:\/\/thisiskool.com\/blog\/wp-content\/uploads\/2025\/01\/Una-boda-emotiva-Ari-y-Marc-en-Can-Ribas-de-Montbui-00.jpg 1200w, https:\/\/thisiskool.com\/blog\/wp-content\/uploads\/2025\/01\/Una-boda-emotiva-Ari-y-Marc-en-Can-Ribas-de-Montbui-00-683x1024.jpg 683w, https:\/\/thisiskool.com\/blog\/wp-content\/uploads\/2025\/01\/Una-boda-emotiva-Ari-y-Marc-en-Can-Ribas-de-Montbui-00-768x1152.jpg 768w, https:\/\/thisiskool.com\/blog\/wp-content\/uploads\/2025\/01\/Una-boda-emotiva-Ari-y-Marc-en-Can-Ribas-de-Montbui-00-1024x1536.jpg 1024w, https:\/\/thisiskool.com\/blog\/wp-content\/uploads\/2025\/01\/Una-boda-emotiva-Ari-y-Marc-en-Can-Ribas-de-Montbui-00-720x1080.jpg 720w\" sizes=\"(max-width: 1200px) 100vw, 1200px\" \/><\/p>\n<p style=\"text-align: justify;\">La visi\u00f3n de Ari y Marc para su boda era clara: quer\u00edan una noche oto\u00f1al rom\u00e1ntica y r\u00fastica, con detalles naturales y un ambiente acogedor. El dise\u00f1o se centr\u00f3 en tonos verdes, la luz c\u00e1lida de las velas y una decoraci\u00f3n cuidadosamente dise\u00f1ada para transmitir esa sensaci\u00f3n \u00edntima y especial.<\/p>\n<p style=\"text-align: justify;\">Toda la papeler\u00eda de la boda fue dise\u00f1ada por ellos mismos, con un estilo minimalista y elegante. Adem\u00e1s, confiaron en <strong>This Is Kool<\/strong> para personalizar los regalos y <a href=\"https:\/\/thisiskool.com\/es\/19-detalles-invitados\" target=\"_blank\" rel=\"noopener\">detalles de los invitados<\/a>, logrando que cada elemento encajara a la perfecci\u00f3n con su tem\u00e1tica oto\u00f1al.<\/p>\n<h4><strong>Los detalles que marcan la diferencia<\/strong><\/h4>\n<p style=\"text-align: justify;\"><img loading=\"lazy\" decoding=\"async\" class=\"alignnone size-full wp-image-26189\" src=\"https:\/\/thisiskool.com\/blog\/wp-content\/uploads\/2025\/01\/Una-boda-emotiva-Ari-y-Marc-en-Can-Ribas-de-Montbui-05.jpg\" alt=\"Velas de cristal personalizadas con el logo de la boda de Ari y Marc, creando un ambiente m\u00e1gico en el comedor.\" width=\"1200\" height=\"1800\" srcset=\"https:\/\/thisiskool.com\/blog\/wp-content\/uploads\/2025\/01\/Una-boda-emotiva-Ari-y-Marc-en-Can-Ribas-de-Montbui-05.jpg 1200w, https:\/\/thisiskool.com\/blog\/wp-content\/uploads\/2025\/01\/Una-boda-emotiva-Ari-y-Marc-en-Can-Ribas-de-Montbui-05-683x1024.jpg 683w, https:\/\/thisiskool.com\/blog\/wp-content\/uploads\/2025\/01\/Una-boda-emotiva-Ari-y-Marc-en-Can-Ribas-de-Montbui-05-768x1152.jpg 768w, https:\/\/thisiskool.com\/blog\/wp-content\/uploads\/2025\/01\/Una-boda-emotiva-Ari-y-Marc-en-Can-Ribas-de-Montbui-05-1024x1536.jpg 1024w, https:\/\/thisiskool.com\/blog\/wp-content\/uploads\/2025\/01\/Una-boda-emotiva-Ari-y-Marc-en-Can-Ribas-de-Montbui-05-720x1080.jpg 720w\" sizes=\"(max-width: 1200px) 100vw, 1200px\" \/><\/p>\n<p style=\"text-align: justify;\"><img loading=\"lazy\" decoding=\"async\" class=\"alignnone size-full wp-image-26190\" src=\"https:\/\/thisiskool.com\/blog\/wp-content\/uploads\/2025\/01\/Una-boda-emotiva-Ari-y-Marc-en-Can-Ribas-de-Montbui-06.jpg\" alt=\"Mesa decorada para la boda de Ari y Marc, con detalles naturales, velas y marcasitios de madera\" width=\"1200\" height=\"1800\" srcset=\"https:\/\/thisiskool.com\/blog\/wp-content\/uploads\/2025\/01\/Una-boda-emotiva-Ari-y-Marc-en-Can-Ribas-de-Montbui-06.jpg 1200w, https:\/\/thisiskool.com\/blog\/wp-content\/uploads\/2025\/01\/Una-boda-emotiva-Ari-y-Marc-en-Can-Ribas-de-Montbui-06-683x1024.jpg 683w, https:\/\/thisiskool.com\/blog\/wp-content\/uploads\/2025\/01\/Una-boda-emotiva-Ari-y-Marc-en-Can-Ribas-de-Montbui-06-768x1152.jpg 768w, https:\/\/thisiskool.com\/blog\/wp-content\/uploads\/2025\/01\/Una-boda-emotiva-Ari-y-Marc-en-Can-Ribas-de-Montbui-06-1024x1536.jpg 1024w, https:\/\/thisiskool.com\/blog\/wp-content\/uploads\/2025\/01\/Una-boda-emotiva-Ari-y-Marc-en-Can-Ribas-de-Montbui-06-720x1080.jpg 720w\" sizes=\"(max-width: 1200px) 100vw, 1200px\" \/><\/p>\n<p style=\"text-align: justify;\">Los invitados se encontraron con detalles que no solo decoraban las mesas, sino que tambi\u00e9n les regalaban un recuerdo especial de la boda. Cada comensal ten\u00eda un <a href=\"https:\/\/thisiskool.com\/es\/bodas\/2725-10474-iman-madera-boda-verbena.html\" target=\"_blank\" rel=\"noopener\"><strong>marcasitios de madera personalizado<\/strong><\/a>, decorado con un lacito de <strong>paniculata<\/strong>, una de las plantas protagonistas de la boda. Lo mejor de todo es que estos marcasitios ten\u00edan doble funci\u00f3n, ya que tambi\u00e9n llevaban un im\u00e1n para que los invitados pudieran usarlos en casa.<\/p>\n<p style=\"text-align: justify;\">Adem\u00e1s, las <a href=\"https:\/\/thisiskool.com\/es\/bodas\/2527-vela-cristal-boda-flora.html\" target=\"_blank\" rel=\"noopener\">velas de cristal personalizadas<\/a> con el logo de la boda no solo fueron un bonito recuerdo, sino que tambi\u00e9n a\u00f1adieron calidez al comedor, creando un ambiente m\u00e1gico y acogedor.<\/p>\n<h4><strong>Regalos \u00fanicos para las personas m\u00e1s especiales<\/strong><\/h4>\n<p style=\"text-align: justify;\"><img loading=\"lazy\" decoding=\"async\" class=\"alignnone size-full wp-image-26191\" src=\"https:\/\/thisiskool.com\/blog\/wp-content\/uploads\/2025\/01\/Una-boda-emotiva-Ari-y-Marc-en-Can-Ribas-de-Montbui-07.jpg\" alt=\"Momento emotivo de la boda de Ari y Marc, con decoraci\u00f3n rom\u00e1ntica y ambiente oto\u00f1al.\" width=\"1200\" height=\"800\" srcset=\"https:\/\/thisiskool.com\/blog\/wp-content\/uploads\/2025\/01\/Una-boda-emotiva-Ari-y-Marc-en-Can-Ribas-de-Montbui-07.jpg 1200w, https:\/\/thisiskool.com\/blog\/wp-content\/uploads\/2025\/01\/Una-boda-emotiva-Ari-y-Marc-en-Can-Ribas-de-Montbui-07-1024x683.jpg 1024w, https:\/\/thisiskool.com\/blog\/wp-content\/uploads\/2025\/01\/Una-boda-emotiva-Ari-y-Marc-en-Can-Ribas-de-Montbui-07-768x512.jpg 768w, https:\/\/thisiskool.com\/blog\/wp-content\/uploads\/2025\/01\/Una-boda-emotiva-Ari-y-Marc-en-Can-Ribas-de-Montbui-07-720x480.jpg 720w\" sizes=\"(max-width: 1200px) 100vw, 1200px\" \/><\/p>\n<p style=\"text-align: justify;\"><img loading=\"lazy\" decoding=\"async\" class=\"alignnone size-full wp-image-26192\" src=\"https:\/\/thisiskool.com\/blog\/wp-content\/uploads\/2025\/01\/Una-boda-emotiva-Ari-y-Marc-en-Can-Ribas-de-Montbui-08.jpg\" alt=\"Regalo emotivo para abuelos con marco de madera\" width=\"1200\" height=\"800\" srcset=\"https:\/\/thisiskool.com\/blog\/wp-content\/uploads\/2025\/01\/Una-boda-emotiva-Ari-y-Marc-en-Can-Ribas-de-Montbui-08.jpg 1200w, https:\/\/thisiskool.com\/blog\/wp-content\/uploads\/2025\/01\/Una-boda-emotiva-Ari-y-Marc-en-Can-Ribas-de-Montbui-08-1024x683.jpg 1024w, https:\/\/thisiskool.com\/blog\/wp-content\/uploads\/2025\/01\/Una-boda-emotiva-Ari-y-Marc-en-Can-Ribas-de-Montbui-08-768x512.jpg 768w, https:\/\/thisiskool.com\/blog\/wp-content\/uploads\/2025\/01\/Una-boda-emotiva-Ari-y-Marc-en-Can-Ribas-de-Montbui-08-720x480.jpg 720w\" sizes=\"(max-width: 1200px) 100vw, 1200px\" \/><\/p>\n<p style=\"text-align: justify;\">Ari y Marc quisieron dar un paso m\u00e1s y preparar detalles \u00fanicos para sus seres m\u00e1s queridos. Uno de los momentos m\u00e1s emotivos de la noche fue cuando entregaron un <a href=\"https:\/\/thisiskool.com\/es\/regalos-personalizados\/2290-2739-marco-fotos-madera-message.html\" target=\"_blank\" rel=\"noopener\"><strong>marco Message<\/strong><\/a> a sus abuelos. Este regalo, personalizado con una foto de ellos y un mensaje grabado lleno de emoci\u00f3n, arranc\u00f3 l\u00e1grimas y aplausos entre los asistentes.<\/p>\n<p style=\"text-align: justify;\">Tambi\u00e9n hubo una sorpresa especial para una pareja de amigos de toda la vida y a su cu\u00f1ada. Ari y Marc encargaron una <a href=\"https:\/\/thisiskool.com\/es\/bodas\/1847-8585-placa-madera-los-proximos-vosotros.html\" target=\"_blank\" rel=\"noopener\"><strong>placa personalizada<\/strong><\/a> con sus nombres. Que aunque no se casen, igual les animaba a dar el paso \ud83d\ude09 Un detalle que no solo sac\u00f3 sonrisas, sino que tambi\u00e9n simboliz\u00f3 el deseo de que el amor contin\u00fae floreciendo en su c\u00edrculo m\u00e1s cercano.<\/p>\n<p style=\"text-align: justify;\"><img loading=\"lazy\" decoding=\"async\" class=\"alignnone size-full wp-image-26193\" src=\"https:\/\/thisiskool.com\/blog\/wp-content\/uploads\/2025\/01\/Una-boda-emotiva-Ari-y-Marc-en-Can-Ribas-de-Montbui-09.jpg\" alt=\"Momento emotivo para dar regalo a pareja de amigos que se casan.\" width=\"1200\" height=\"800\" srcset=\"https:\/\/thisiskool.com\/blog\/wp-content\/uploads\/2025\/01\/Una-boda-emotiva-Ari-y-Marc-en-Can-Ribas-de-Montbui-09.jpg 1200w, https:\/\/thisiskool.com\/blog\/wp-content\/uploads\/2025\/01\/Una-boda-emotiva-Ari-y-Marc-en-Can-Ribas-de-Montbui-09-1024x683.jpg 1024w, https:\/\/thisiskool.com\/blog\/wp-content\/uploads\/2025\/01\/Una-boda-emotiva-Ari-y-Marc-en-Can-Ribas-de-Montbui-09-768x512.jpg 768w, https:\/\/thisiskool.com\/blog\/wp-content\/uploads\/2025\/01\/Una-boda-emotiva-Ari-y-Marc-en-Can-Ribas-de-Montbui-09-720x480.jpg 720w\" sizes=\"(max-width: 1200px) 100vw, 1200px\" \/><\/p>\n<p style=\"text-align: justify;\"><img loading=\"lazy\" decoding=\"async\" class=\"alignnone size-full wp-image-26194\" src=\"https:\/\/thisiskool.com\/blog\/wp-content\/uploads\/2025\/01\/Una-boda-emotiva-Ari-y-Marc-en-Can-Ribas-de-Montbui-10.jpg\" alt=\"Momento emotivo por entrega de regalos emotivos.\" width=\"1200\" height=\"800\" srcset=\"https:\/\/thisiskool.com\/blog\/wp-content\/uploads\/2025\/01\/Una-boda-emotiva-Ari-y-Marc-en-Can-Ribas-de-Montbui-10.jpg 1200w, https:\/\/thisiskool.com\/blog\/wp-content\/uploads\/2025\/01\/Una-boda-emotiva-Ari-y-Marc-en-Can-Ribas-de-Montbui-10-1024x683.jpg 1024w, https:\/\/thisiskool.com\/blog\/wp-content\/uploads\/2025\/01\/Una-boda-emotiva-Ari-y-Marc-en-Can-Ribas-de-Montbui-10-768x512.jpg 768w, https:\/\/thisiskool.com\/blog\/wp-content\/uploads\/2025\/01\/Una-boda-emotiva-Ari-y-Marc-en-Can-Ribas-de-Montbui-10-720x480.jpg 720w\" sizes=\"(max-width: 1200px) 100vw, 1200px\" \/><\/p>\n<p style=\"text-align: justify;\">La boda de Ari y Marc en <strong>Can Ribas de Montbui<\/strong> fue una celebraci\u00f3n inolvidable, llena de detalles que reflejaron su historia y personalidad. Desde los regalos personalizados hasta el ambiente \u00edntimo y c\u00e1lido, todo estuvo dise\u00f1ado para que sus seres queridos se sintieran especiales y parte de esta gran historia de amor.<\/p>\n<p style=\"text-align: justify;\">\u00bfEst\u00e1s planificando tu boda y te gustar\u00eda que sea igual de \u00fanica? D\u00e9jate inspirar por otras bodas reales que ver\u00e1s publicadas en este blog, o mira a trav\u00e9s de nuestra cuenta de IG y TIKTOK<\/p>\n","protected":false},"excerpt":{"rendered":"<div class=\"post-excerpt\">Cuando Ariadna y Marc nos enviaron las fotos de los detalles y regalos de su boda, no pudimos resistirnos a pedirles permiso para compartirlas. Su boda, celebrada en Can Ribas&hellip;<\/div>\n<div class=\"post-more\"><a href=\"https:\/\/thisiskool.com\/blog\/una-boda-de-ensueno-ari-y-marc-en-can-ribas-de-montbui\/\" class=\"btn btn-primary btn-effect\"><span>Ver Publicaci\u00f3n<\/span><span><i class=\"icon icon-arrow-right\"><\/i><\/span><\/a><\/div>\n","protected":false},"author":10,"featured_media":26200,"comment_status":"open","ping_status":"closed","sticky":false,"template":"","format":"standard","meta":{"_uf_show_specific_survey":0,"_uf_disable_surveys":false,"footnotes":""},"categories":[350,896],"tags":[359,833,1058,414,411],"aioseo_notices":[],"_links":{"self":[{"href":"https:\/\/thisiskool.com\/blog\/wp-json\/wp\/v2\/posts\/26184"}],"collection":[{"href":"https:\/\/thisiskool.com\/blog\/wp-json\/wp\/v2\/posts"}],"about":[{"href":"https:\/\/thisiskool.com\/blog\/wp-json\/wp\/v2\/types\/post"}],"author":[{"embeddable":true,"href":"https:\/\/thisiskool.com\/blog\/wp-json\/wp\/v2\/users\/10"}],"replies":[{"embeddable":true,"href":"https:\/\/thisiskool.com\/blog\/wp-json\/wp\/v2\/comments?post=26184"}],"version-history":[{"count":7,"href":"https:\/\/thisiskool.com\/blog\/wp-json\/wp\/v2\/posts\/26184\/revisions"}],"predecessor-version":[{"id":26203,"href":"https:\/\/thisiskool.com\/blog\/wp-json\/wp\/v2\/posts\/26184\/revisions\/26203"}],"wp:featuredmedia":[{"embeddable":true,"href":"https:\/\/thisiskool.com\/blog\/wp-json\/wp\/v2\/media\/26200"}],"wp:attachment":[{"href":"https:\/\/thisiskool.com\/blog\/wp-json\/wp\/v2\/media?parent=26184"}],"wp:term":[{"taxonomy":"category","embeddable":true,"href":"https:\/\/thisiskool.com\/blog\/wp-json\/wp\/v2\/categories?post=26184"},{"taxonomy":"post_tag","embeddable":true,"href":"https:\/\/thisiskool.com\/blog\/wp-json\/wp\/v2\/tags?post=26184"}],"curies":[{"name":"wp","href":"https:\/\/api.w.org\/{rel}","templated":true}]}}