{"id":21278,"date":"2023-06-28T11:01:34","date_gmt":"2023-06-28T09:01:34","guid":{"rendered":"https:\/\/thisiskool.com\/blog\/?p=21278"},"modified":"2024-01-23T13:16:35","modified_gmt":"2024-01-23T11:16:35","slug":"imanes-de-madera-con-el-nombre-de-cada-invitado-el-detalle-mas-util-y-eco","status":"publish","type":"post","link":"https:\/\/thisiskool.com\/blog\/imanes-de-madera-con-el-nombre-de-cada-invitado-el-detalle-mas-util-y-eco\/","title":{"rendered":"Imanes de madera con el nombre de cada invitado. El detalle m\u00e1s \u00fatil y eco."},"content":{"rendered":"<p style=\"text-align: justify;\">Una de las cosas que m\u00e1s preocupa a las parejas al organizar su boda es elegir los regalos de recuerdo para los invitados. Optar por un detalle \u00fatil, bonito y que se vea personalizado con el nombre o la tem\u00e1tica de la boda es un gran acierto.<\/p>\n<figure id=\"attachment_21279\" aria-describedby=\"caption-attachment-21279\" style=\"width: 1200px\" class=\"wp-caption alignnone\"><img loading=\"lazy\" decoding=\"async\" class=\"size-full wp-image-21279\" src=\"https:\/\/thisiskool.com\/blog\/wp-content\/uploads\/2023\/06\/Detalles-invitados-Imanes-de-madera-con-su-nombre-01.jpg\" alt=\"Im\u00e1n de madera con el nombre de alexia\" width=\"1200\" height=\"1500\" srcset=\"https:\/\/thisiskool.com\/blog\/wp-content\/uploads\/2023\/06\/Detalles-invitados-Imanes-de-madera-con-su-nombre-01.jpg 1200w, https:\/\/thisiskool.com\/blog\/wp-content\/uploads\/2023\/06\/Detalles-invitados-Imanes-de-madera-con-su-nombre-01-819x1024.jpg 819w, https:\/\/thisiskool.com\/blog\/wp-content\/uploads\/2023\/06\/Detalles-invitados-Imanes-de-madera-con-su-nombre-01-768x960.jpg 768w, https:\/\/thisiskool.com\/blog\/wp-content\/uploads\/2023\/06\/Detalles-invitados-Imanes-de-madera-con-su-nombre-01-720x900.jpg 720w\" sizes=\"(max-width: 1200px) 100vw, 1200px\" \/><figcaption id=\"caption-attachment-21279\" class=\"wp-caption-text\"><em><a href=\"https:\/\/thisiskool.com\/es\/bodas\/2529-iman-boda-madera-cotton.html#\/?utm_source=BLOG&amp;utm_medium=POST&amp;utm_campaign=BODA&amp;utm_content=&amp;utm_term=\">Im\u00e1n de madera boda &#8211; \u00abCOTTON\u00bb<\/a><\/em><\/figcaption><\/figure>\n<p style=\"text-align: justify;\">\u00bfHas considerado regalar unos imanes de madera personalizados? Son una opci\u00f3n pr\u00e1ctica y respetuosa con el medio ambiente que tambi\u00e9n puede funcionar como <strong>marcasitios<\/strong>. Acabamos de subir en nuestra shop <strong>3 modelos de imanes<\/strong> de madera personalizados. Est\u00e1n hechos con madera de alta calidad y se pueden personalizar con el nombre o la inicial de cada invitado \u00a1Imagina lo especial que se sentir\u00e1 cada uno al tener su propio im\u00e1n con su nombre!<\/p>\n<figure id=\"attachment_21280\" aria-describedby=\"caption-attachment-21280\" style=\"width: 1200px\" class=\"wp-caption alignnone\"><img loading=\"lazy\" decoding=\"async\" class=\"size-full wp-image-21280\" src=\"https:\/\/thisiskool.com\/blog\/wp-content\/uploads\/2023\/06\/Detalles-invitados-Imanes-de-madera-con-su-nombre-02.jpg\" alt=\"Letra M de madera sobre el plato de un invitado de boda\" width=\"1200\" height=\"1500\" srcset=\"https:\/\/thisiskool.com\/blog\/wp-content\/uploads\/2023\/06\/Detalles-invitados-Imanes-de-madera-con-su-nombre-02.jpg 1200w, https:\/\/thisiskool.com\/blog\/wp-content\/uploads\/2023\/06\/Detalles-invitados-Imanes-de-madera-con-su-nombre-02-819x1024.jpg 819w, https:\/\/thisiskool.com\/blog\/wp-content\/uploads\/2023\/06\/Detalles-invitados-Imanes-de-madera-con-su-nombre-02-768x960.jpg 768w, https:\/\/thisiskool.com\/blog\/wp-content\/uploads\/2023\/06\/Detalles-invitados-Imanes-de-madera-con-su-nombre-02-720x900.jpg 720w\" sizes=\"(max-width: 1200px) 100vw, 1200px\" \/><figcaption id=\"caption-attachment-21280\" class=\"wp-caption-text\"><a href=\"https:\/\/thisiskool.com\/es\/bodas\/2531-iman-madera-boda-flora.html#\/?utm_source=BLOG&amp;utm_medium=POST&amp;utm_campaign=BODA&amp;utm_content=&amp;utm_term=\" target=\"_blank\" rel=\"noopener\"><em>Im\u00e1n de madera boda &#8211; \u00abFLORA\u00bb<\/em><\/a><\/figcaption><\/figure>\n<figure id=\"attachment_21281\" aria-describedby=\"caption-attachment-21281\" style=\"width: 1200px\" class=\"wp-caption alignnone\"><img loading=\"lazy\" decoding=\"async\" class=\"size-full wp-image-21281\" src=\"https:\/\/thisiskool.com\/blog\/wp-content\/uploads\/2023\/06\/Detalles-invitados-Imanes-de-madera-con-su-nombre-03.jpg\" alt=\"Im\u00e1n rectangular con el nombre Carlos sobre el plato de un invitado de boda\" width=\"1200\" height=\"1500\" srcset=\"https:\/\/thisiskool.com\/blog\/wp-content\/uploads\/2023\/06\/Detalles-invitados-Imanes-de-madera-con-su-nombre-03.jpg 1200w, https:\/\/thisiskool.com\/blog\/wp-content\/uploads\/2023\/06\/Detalles-invitados-Imanes-de-madera-con-su-nombre-03-819x1024.jpg 819w, https:\/\/thisiskool.com\/blog\/wp-content\/uploads\/2023\/06\/Detalles-invitados-Imanes-de-madera-con-su-nombre-03-768x960.jpg 768w, https:\/\/thisiskool.com\/blog\/wp-content\/uploads\/2023\/06\/Detalles-invitados-Imanes-de-madera-con-su-nombre-03-720x900.jpg 720w\" sizes=\"(max-width: 1200px) 100vw, 1200px\" \/><figcaption id=\"caption-attachment-21281\" class=\"wp-caption-text\"><a href=\"https:\/\/thisiskool.com\/es\/bodas\/2530-iman-madera-boda-grace.html#\/?utm_source=BLOG&amp;utm_medium=POST&amp;utm_campaign=BODA&amp;utm_content=&amp;utm_term=\" target=\"_blank\" rel=\"noopener\"><em>Im\u00e1n de madera boda &#8211; \u00abGRACE\u00bb<\/em><\/a><\/figcaption><\/figure>\n<p style=\"text-align: justify;\">Adem\u00e1s de ser un detalle encantador, estos imanes son pr\u00e1cticos. Tus invitados podr\u00e1n utilizarlos para ponerlos en su nevera, una pizarra met\u00e1lica o cualquier superficie met\u00e1lica y as\u00ed guardar las fotos de vuestro gran d\u00eda.<\/p>\n<p><img loading=\"lazy\" decoding=\"async\" class=\"alignnone size-full wp-image-21282\" src=\"https:\/\/thisiskool.com\/blog\/wp-content\/uploads\/2023\/06\/Detalles-invitados-Imanes-de-madera-con-su-nombre-04.jpg\" alt=\"Im\u00e1n de madera en superficie met\u00e1lica aguantando foto de novia e invitada a la boda\" width=\"1200\" height=\"1500\" srcset=\"https:\/\/thisiskool.com\/blog\/wp-content\/uploads\/2023\/06\/Detalles-invitados-Imanes-de-madera-con-su-nombre-04.jpg 1200w, https:\/\/thisiskool.com\/blog\/wp-content\/uploads\/2023\/06\/Detalles-invitados-Imanes-de-madera-con-su-nombre-04-819x1024.jpg 819w, https:\/\/thisiskool.com\/blog\/wp-content\/uploads\/2023\/06\/Detalles-invitados-Imanes-de-madera-con-su-nombre-04-768x960.jpg 768w, https:\/\/thisiskool.com\/blog\/wp-content\/uploads\/2023\/06\/Detalles-invitados-Imanes-de-madera-con-su-nombre-04-720x900.jpg 720w\" sizes=\"(max-width: 1200px) 100vw, 1200px\" \/> <img loading=\"lazy\" decoding=\"async\" class=\"alignnone size-full wp-image-21283\" src=\"https:\/\/thisiskool.com\/blog\/wp-content\/uploads\/2023\/06\/Detalles-invitados-Imanes-de-madera-con-su-nombre-05.jpg\" alt=\"Im\u00e1n rectangular que aguata la foto de unos amigos\" width=\"1200\" height=\"1500\" srcset=\"https:\/\/thisiskool.com\/blog\/wp-content\/uploads\/2023\/06\/Detalles-invitados-Imanes-de-madera-con-su-nombre-05.jpg 1200w, https:\/\/thisiskool.com\/blog\/wp-content\/uploads\/2023\/06\/Detalles-invitados-Imanes-de-madera-con-su-nombre-05-819x1024.jpg 819w, https:\/\/thisiskool.com\/blog\/wp-content\/uploads\/2023\/06\/Detalles-invitados-Imanes-de-madera-con-su-nombre-05-768x960.jpg 768w, https:\/\/thisiskool.com\/blog\/wp-content\/uploads\/2023\/06\/Detalles-invitados-Imanes-de-madera-con-su-nombre-05-720x900.jpg 720w\" sizes=\"(max-width: 1200px) 100vw, 1200px\" \/><\/p>\n<p style=\"text-align: justify;\">Lo mejor\u00a0de todo es que estos imanes de madera personalizados tambi\u00e9n pueden servir como marcasitios. Simplemente, col\u00f3calos estrat\u00e9gicamente en el plato de cada familiar y amigo y observa la expresi\u00f3n en sus rostros cuando encuentren su lugar asignado ?<\/p>\n<p><img loading=\"lazy\" decoding=\"async\" class=\"alignnone size-full wp-image-21284\" src=\"https:\/\/thisiskool.com\/blog\/wp-content\/uploads\/2023\/06\/Detalles-invitados-Imanes-de-madera-con-su-nombre-06.jpg\" alt=\"Im\u00e1n de letra R para aguantar la foto de una boda\" width=\"1200\" height=\"1500\" srcset=\"https:\/\/thisiskool.com\/blog\/wp-content\/uploads\/2023\/06\/Detalles-invitados-Imanes-de-madera-con-su-nombre-06.jpg 1200w, https:\/\/thisiskool.com\/blog\/wp-content\/uploads\/2023\/06\/Detalles-invitados-Imanes-de-madera-con-su-nombre-06-819x1024.jpg 819w, https:\/\/thisiskool.com\/blog\/wp-content\/uploads\/2023\/06\/Detalles-invitados-Imanes-de-madera-con-su-nombre-06-768x960.jpg 768w, https:\/\/thisiskool.com\/blog\/wp-content\/uploads\/2023\/06\/Detalles-invitados-Imanes-de-madera-con-su-nombre-06-720x900.jpg 720w\" sizes=\"(max-width: 1200px) 100vw, 1200px\" \/><\/p>\n<p style=\"text-align: justify;\">El hecho de que est\u00e9n hechos de madera los convierte en una <strong>opci\u00f3n sostenible <\/strong>y reciclable, transmitiendo valores que seguramente te gustar\u00eda promover en un d\u00eda tan especial. Es el detalle perfecto para parejas que optan por una boda vegana, ecol\u00f3gica y con un toque natural.<\/p>\n<p><img loading=\"lazy\" decoding=\"async\" class=\"alignnone size-full wp-image-21285\" src=\"https:\/\/thisiskool.com\/blog\/wp-content\/uploads\/2023\/06\/Detalles-invitados-Imanes-de-madera-con-su-nombre-07.jpg\" alt=\"Diferentes letras en forma de im\u00e1n para detalle de invitados\" width=\"1200\" height=\"1500\" srcset=\"https:\/\/thisiskool.com\/blog\/wp-content\/uploads\/2023\/06\/Detalles-invitados-Imanes-de-madera-con-su-nombre-07.jpg 1200w, https:\/\/thisiskool.com\/blog\/wp-content\/uploads\/2023\/06\/Detalles-invitados-Imanes-de-madera-con-su-nombre-07-819x1024.jpg 819w, https:\/\/thisiskool.com\/blog\/wp-content\/uploads\/2023\/06\/Detalles-invitados-Imanes-de-madera-con-su-nombre-07-768x960.jpg 768w, https:\/\/thisiskool.com\/blog\/wp-content\/uploads\/2023\/06\/Detalles-invitados-Imanes-de-madera-con-su-nombre-07-720x900.jpg 720w\" sizes=\"(max-width: 1200px) 100vw, 1200px\" \/><img loading=\"lazy\" decoding=\"async\" class=\"alignnone size-full wp-image-21286\" src=\"https:\/\/thisiskool.com\/blog\/wp-content\/uploads\/2023\/06\/Detalles-invitados-Imanes-de-madera-con-su-nombre-08.jpg\" alt=\"Imanes rectangulares de madera con el nombre de cada invitado\" width=\"1200\" height=\"1500\" srcset=\"https:\/\/thisiskool.com\/blog\/wp-content\/uploads\/2023\/06\/Detalles-invitados-Imanes-de-madera-con-su-nombre-08.jpg 1200w, https:\/\/thisiskool.com\/blog\/wp-content\/uploads\/2023\/06\/Detalles-invitados-Imanes-de-madera-con-su-nombre-08-819x1024.jpg 819w, https:\/\/thisiskool.com\/blog\/wp-content\/uploads\/2023\/06\/Detalles-invitados-Imanes-de-madera-con-su-nombre-08-768x960.jpg 768w, https:\/\/thisiskool.com\/blog\/wp-content\/uploads\/2023\/06\/Detalles-invitados-Imanes-de-madera-con-su-nombre-08-720x900.jpg 720w\" sizes=\"(max-width: 1200px) 100vw, 1200px\" \/><\/p>\n<p style=\"text-align: justify;\">En cuanto al precio, ten en cuenta que depender\u00e1 de la cantidad que necesites. <a href=\"https:\/\/thisiskool.com\/es\/528-imanes-de-madera?utm_source=BLOG&amp;utm_medium=POST&amp;utm_campaign=BODA&amp;utm_content=&amp;utm_term=\" target=\"_blank\" rel=\"noopener\">Aqu\u00ed te dejamos el enlace<\/a> d\u00f3nde aparecen todos los modelos para que puedas ver en cada uno de ellos sus respectivos precios escalados.<\/p>\n<p style=\"text-align: justify;\">Esperamos que estas ideas de te inspiren a elegir un im\u00e1n de madera para detalle de tus invitados. No dudes en escribirnos un email (<a href=\"mailto:info@thisiskool.com\">info@thisiskool.com<\/a>), WhatsApp (+34 692 13 10\u00a0o se\u00f1ales de humo si hace falta.<\/p>\n","protected":false},"excerpt":{"rendered":"<div class=\"post-excerpt\">Una de las cosas que m\u00e1s preocupa a las parejas al organizar su boda es elegir los regalos de recuerdo para los invitados. Optar por un detalle \u00fatil, bonito y&hellip;<\/div>\n<div class=\"post-more\"><a href=\"https:\/\/thisiskool.com\/blog\/imanes-de-madera-con-el-nombre-de-cada-invitado-el-detalle-mas-util-y-eco\/\" class=\"btn btn-primary btn-effect\"><span>Ver Publicaci\u00f3n<\/span><span><i class=\"icon icon-arrow-right\"><\/i><\/span><\/a><\/div>\n","protected":false},"author":10,"featured_media":21282,"comment_status":"open","ping_status":"open","sticky":false,"template":"","format":"standard","meta":{"_uf_show_specific_survey":0,"_uf_disable_surveys":false,"footnotes":""},"categories":[350,1041],"tags":[359,818,1006,1007,995,1005,970],"aioseo_notices":[],"_links":{"self":[{"href":"https:\/\/thisiskool.com\/blog\/wp-json\/wp\/v2\/posts\/21278"}],"collection":[{"href":"https:\/\/thisiskool.com\/blog\/wp-json\/wp\/v2\/posts"}],"about":[{"href":"https:\/\/thisiskool.com\/blog\/wp-json\/wp\/v2\/types\/post"}],"author":[{"embeddable":true,"href":"https:\/\/thisiskool.com\/blog\/wp-json\/wp\/v2\/users\/10"}],"replies":[{"embeddable":true,"href":"https:\/\/thisiskool.com\/blog\/wp-json\/wp\/v2\/comments?post=21278"}],"version-history":[{"count":7,"href":"https:\/\/thisiskool.com\/blog\/wp-json\/wp\/v2\/posts\/21278\/revisions"}],"predecessor-version":[{"id":21296,"href":"https:\/\/thisiskool.com\/blog\/wp-json\/wp\/v2\/posts\/21278\/revisions\/21296"}],"wp:featuredmedia":[{"embeddable":true,"href":"https:\/\/thisiskool.com\/blog\/wp-json\/wp\/v2\/media\/21282"}],"wp:attachment":[{"href":"https:\/\/thisiskool.com\/blog\/wp-json\/wp\/v2\/media?parent=21278"}],"wp:term":[{"taxonomy":"category","embeddable":true,"href":"https:\/\/thisiskool.com\/blog\/wp-json\/wp\/v2\/categories?post=21278"},{"taxonomy":"post_tag","embeddable":true,"href":"https:\/\/thisiskool.com\/blog\/wp-json\/wp\/v2\/tags?post=21278"}],"curies":[{"name":"wp","href":"https:\/\/api.w.org\/{rel}","templated":true}]}}