{"id":20311,"date":"2020-02-24T18:03:30","date_gmt":"2020-02-24T16:03:30","guid":{"rendered":"https:\/\/blog.thisiskool.com\/?p=20311"},"modified":"2020-10-01T13:12:37","modified_gmt":"2020-10-01T11:12:37","slug":"los-vestidos-con-mangas-mas-bonitos","status":"publish","type":"post","link":"https:\/\/thisiskool.com\/blog\/los-vestidos-con-mangas-mas-bonitos\/","title":{"rendered":"Los vestidos \u00abcon manguita\u00bb m\u00e1s bonitos"},"content":{"rendered":"<p><span style=\"font-size: 16px;\">Es curioso que siempre que hablamos con amigas sobre vestidos de novia acabamos defini\u00e9ndolos seg\u00fan si son de una tela u otra; si llevan encaje o no; y si su espalda es descubierta o llena de botones. Pero \u00bfy las mangas? Lo cierto es que cada vez m\u00e1s, sea para bodas de verano o primavera, muchas firmas de vestidos apuestan por a\u00f1adirle mangas (o manguitas) a los vestidos de novia. Aqu\u00ed os traemos una selecci\u00f3n de los vestidos m\u00e1s top, llenos de car\u00e1cter y belleza que seguro que har\u00e1 plantearos a m\u00e1s de una a\u00f1adir manguitas a sus vestidos.<\/span><\/p>\n<h5>Manguitas con volumen<\/h5>\n<p>La moda de las <em>mangas abullonadas<\/em> ha entrado pisando fuerte este 2020 y \u00bfpor qu\u00e9 no en vestidos de novia? Nos parece una opci\u00f3n superelegante y muy favorecedora. Este primer ejemplo cuando lo descubrimos, fue amor a primera vista. Se trata de un vestido de la joven y prometedora <a href=\"https:\/\/www.katarinagrey.com\" target=\"_blank\" rel=\"noopener noreferrer\">Katarina Gari<\/a>, una dise\u00f1adora que sabe combinar a la perfecci\u00f3n alta costura e innovaci\u00f3n.<\/p>\n<figure id=\"attachment_20319\" aria-describedby=\"caption-attachment-20319\" style=\"width: 1200px\" class=\"wp-caption alignnone\"><img loading=\"lazy\" decoding=\"async\" class=\"size-full wp-image-20319\" src=\"https:\/\/blog.thisiskool.com\/wp-content\/uploads\/2020\/02\/Novias-con-manguita-01.jpg\" alt=\"vestido novia con manga abollonada\" width=\"1200\" height=\"2282\" srcset=\"https:\/\/thisiskool.com\/blog\/wp-content\/uploads\/2020\/02\/Novias-con-manguita-01.jpg 1200w, https:\/\/thisiskool.com\/blog\/wp-content\/uploads\/2020\/02\/Novias-con-manguita-01-768x1460.jpg 768w, https:\/\/thisiskool.com\/blog\/wp-content\/uploads\/2020\/02\/Novias-con-manguita-01-538x1024.jpg 538w, https:\/\/thisiskool.com\/blog\/wp-content\/uploads\/2020\/02\/Novias-con-manguita-01-720x1369.jpg 720w\" sizes=\"(max-width: 1200px) 100vw, 1200px\" \/><figcaption id=\"caption-attachment-20319\" class=\"wp-caption-text\"><em>Fotograf\u00eda: Noon Productions \/ Vestido: Katarina Grey<\/em><\/figcaption><\/figure>\n<p>Elegancia y rollito es lo que producen estas mangas. Carla es un ejemplo de ello. Supo llevar a la perfecci\u00f3n su look combinando este precioso vestido de <a href=\"https:\/\/www.instagram.com\/marcelamansergas\/?hl=es\" target=\"_blank\" rel=\"noopener noreferrer\">Marcela Mansegras<\/a> con su pelo al aire, grandes pendientes y mucha pero que mucha actitud.<\/p>\n<figure id=\"attachment_20321\" aria-describedby=\"caption-attachment-20321\" style=\"width: 1200px\" class=\"wp-caption alignnone\"><img loading=\"lazy\" decoding=\"async\" class=\"size-full wp-image-20321\" src=\"https:\/\/blog.thisiskool.com\/wp-content\/uploads\/2020\/02\/Novias-con-manguita-03.jpg\" alt=\"vestido novia con manga abollonada\" width=\"1200\" height=\"1914\" srcset=\"https:\/\/thisiskool.com\/blog\/wp-content\/uploads\/2020\/02\/Novias-con-manguita-03.jpg 1200w, https:\/\/thisiskool.com\/blog\/wp-content\/uploads\/2020\/02\/Novias-con-manguita-03-768x1225.jpg 768w, https:\/\/thisiskool.com\/blog\/wp-content\/uploads\/2020\/02\/Novias-con-manguita-03-642x1024.jpg 642w, https:\/\/thisiskool.com\/blog\/wp-content\/uploads\/2020\/02\/Novias-con-manguita-03-720x1148.jpg 720w\" sizes=\"(max-width: 1200px) 100vw, 1200px\" \/><figcaption id=\"caption-attachment-20321\" class=\"wp-caption-text\"><em>Fotograf\u00eda: D\u00edas de vinos y Rosas \/ Vestido: Marcela Mansegras<\/em><\/figcaption><\/figure>\n<p>A esta novia ten\u00edamos que ense\u00f1\u00e1rosla s\u00ed o s\u00ed. Demuestra que no s\u00f3lo las manguitas se deben de poner en vestido de oto\u00f1o o invierno. Paula se cas\u00f3 a mediados de agosto y no dud\u00f3 en a\u00f1adir unas manguitas a su vestido. Un vestido lleno de soltura, gracia y ligereza que realiz\u00f3 <a href=\"https:\/\/solealonso.com\" target=\"_blank\" rel=\"noopener noreferrer\">Sole Alonso<\/a> con lino y cr\u00eape combinado con una bata de organza que se quitar\u00eda despu\u00e9s de la iglesia.<\/p>\n<figure id=\"attachment_20322\" aria-describedby=\"caption-attachment-20322\" style=\"width: 1200px\" class=\"wp-caption alignnone\"><img loading=\"lazy\" decoding=\"async\" class=\"size-full wp-image-20322\" src=\"https:\/\/blog.thisiskool.com\/wp-content\/uploads\/2020\/02\/Novias-con-manguita-04.jpg\" alt=\"vestido con manga\" width=\"1200\" height=\"3016\" srcset=\"https:\/\/thisiskool.com\/blog\/wp-content\/uploads\/2020\/02\/Novias-con-manguita-04.jpg 1200w, https:\/\/thisiskool.com\/blog\/wp-content\/uploads\/2020\/02\/Novias-con-manguita-04-768x1930.jpg 768w, https:\/\/thisiskool.com\/blog\/wp-content\/uploads\/2020\/02\/Novias-con-manguita-04-407x1024.jpg 407w, https:\/\/thisiskool.com\/blog\/wp-content\/uploads\/2020\/02\/Novias-con-manguita-04-720x1810.jpg 720w\" sizes=\"(max-width: 1200px) 100vw, 1200px\" \/><figcaption id=\"caption-attachment-20322\" class=\"wp-caption-text\"><em>Fotograf\u00eda: Alejandra Ortiz \/ Vestido: Sole Alonso<\/em><\/figcaption><\/figure>\n<p>Y en nuestra selecci\u00f3n no pod\u00eda faltar una modista gallega: <a href=\"http:\/\/saralage.com\" target=\"_blank\" rel=\"noopener noreferrer\">Sara Lage<\/a>. Es f\u00e1cil ver en todas sus creaciones novias con mangas preciosas y llenas de magia, pero esta en concreto nos dej\u00f3 alucinadas. \u00bfVolantes en los hombros? Se puede. Sencillez, delicadeza, elegancia y mucho rollito la de este vestido.<\/p>\n<figure id=\"attachment_20323\" aria-describedby=\"caption-attachment-20323\" style=\"width: 1200px\" class=\"wp-caption alignnone\"><img loading=\"lazy\" decoding=\"async\" class=\"size-full wp-image-20323\" src=\"https:\/\/blog.thisiskool.com\/wp-content\/uploads\/2020\/02\/Novias-con-manguita-05.jpg\" alt=\"vestido novia diferente\" width=\"1200\" height=\"2191\" srcset=\"https:\/\/thisiskool.com\/blog\/wp-content\/uploads\/2020\/02\/Novias-con-manguita-05.jpg 1200w, https:\/\/thisiskool.com\/blog\/wp-content\/uploads\/2020\/02\/Novias-con-manguita-05-768x1402.jpg 768w, https:\/\/thisiskool.com\/blog\/wp-content\/uploads\/2020\/02\/Novias-con-manguita-05-561x1024.jpg 561w, https:\/\/thisiskool.com\/blog\/wp-content\/uploads\/2020\/02\/Novias-con-manguita-05-720x1315.jpg 720w\" sizes=\"(max-width: 1200px) 100vw, 1200px\" \/><figcaption id=\"caption-attachment-20323\" class=\"wp-caption-text\">Fotograf\u00eda: Daniel Santalla \/ Vestido: Sara Lage<\/figcaption><\/figure>\n<h5>Pu\u00f1os preciosos<\/h5>\n<p>Y ya puestos a hacer mangas m\u00e1s largas, realzar la zona del antebrazo siempre es una soluci\u00f3n que favorece un mont\u00f3n. El vestido que luci\u00f3 Marta de <a href=\"https:\/\/www.instagram.com\/whiteveils\/\" target=\"_blank\" rel=\"noopener noreferrer\">@whiteveils<\/a> era todo sencillez hasta llegar al encaje japon\u00e9s de sus pu\u00f1os. Una obra de arte en cr\u00eape de la mano de <a href=\"https:\/\/sophieetvoila.com\" target=\"_blank\" rel=\"noopener noreferrer\">Sophie et Volila<\/a>.<\/p>\n<figure id=\"attachment_20324\" aria-describedby=\"caption-attachment-20324\" style=\"width: 1200px\" class=\"wp-caption alignnone\"><img loading=\"lazy\" decoding=\"async\" class=\"size-full wp-image-20324\" src=\"https:\/\/blog.thisiskool.com\/wp-content\/uploads\/2020\/02\/Novias-con-manguita-06.jpg\" alt=\"vestido novia con pu\u00f1os y mangas\" width=\"1200\" height=\"2091\" srcset=\"https:\/\/thisiskool.com\/blog\/wp-content\/uploads\/2020\/02\/Novias-con-manguita-06.jpg 1200w, https:\/\/thisiskool.com\/blog\/wp-content\/uploads\/2020\/02\/Novias-con-manguita-06-768x1338.jpg 768w, https:\/\/thisiskool.com\/blog\/wp-content\/uploads\/2020\/02\/Novias-con-manguita-06-588x1024.jpg 588w, https:\/\/thisiskool.com\/blog\/wp-content\/uploads\/2020\/02\/Novias-con-manguita-06-720x1255.jpg 720w\" sizes=\"(max-width: 1200px) 100vw, 1200px\" \/><figcaption id=\"caption-attachment-20324\" class=\"wp-caption-text\"><em>Fotograf\u00eda: Noonu fotograf\u00eda \/ Vestido: Sophie et Voil\u00e0<\/em><\/figcaption><\/figure>\n<p>Cuando una novia decide llevar vestido de dos piezas y la exterior es en formato chaqueta, esta t\u00e9cnica de realzar el pu\u00f1o debe ser un <em>must<\/em>. Fijaos en este vestido con chaqueta de Marcela Mansegras:<\/p>\n<figure id=\"attachment_20325\" aria-describedby=\"caption-attachment-20325\" style=\"width: 1200px\" class=\"wp-caption alignnone\"><img loading=\"lazy\" decoding=\"async\" class=\"size-full wp-image-20325\" src=\"https:\/\/blog.thisiskool.com\/wp-content\/uploads\/2020\/02\/Novias-con-manguita-07.jpg\" alt=\"vestido novia con chaqueta\" width=\"1200\" height=\"1993\" srcset=\"https:\/\/thisiskool.com\/blog\/wp-content\/uploads\/2020\/02\/Novias-con-manguita-07.jpg 1200w, https:\/\/thisiskool.com\/blog\/wp-content\/uploads\/2020\/02\/Novias-con-manguita-07-768x1276.jpg 768w, https:\/\/thisiskool.com\/blog\/wp-content\/uploads\/2020\/02\/Novias-con-manguita-07-617x1024.jpg 617w, https:\/\/thisiskool.com\/blog\/wp-content\/uploads\/2020\/02\/Novias-con-manguita-07-720x1196.jpg 720w\" sizes=\"(max-width: 1200px) 100vw, 1200px\" \/><figcaption id=\"caption-attachment-20325\" class=\"wp-caption-text\"><em>Fotograf\u00eda: Lorena San Jos\u00e9 \/ Vestido: Marcela Mansegras<\/em><\/figcaption><\/figure>\n<p>O en los pu\u00f1os de esta obra de arte de Katarina Gari. Detalles de hojas en pu\u00f1os, cintura y cuello, recordando tambi\u00e9n un poco la tendencia babero que se est\u00e1 poniendo tanto de moda:<\/p>\n<figure id=\"attachment_20326\" aria-describedby=\"caption-attachment-20326\" style=\"width: 1200px\" class=\"wp-caption alignnone\"><img loading=\"lazy\" decoding=\"async\" class=\"size-full wp-image-20326\" src=\"https:\/\/blog.thisiskool.com\/wp-content\/uploads\/2020\/02\/Novias-con-manguita-08.jpg\" alt=\"vestido novia con mangas diferentes\" width=\"1200\" height=\"1798\" srcset=\"https:\/\/thisiskool.com\/blog\/wp-content\/uploads\/2020\/02\/Novias-con-manguita-08.jpg 1200w, https:\/\/thisiskool.com\/blog\/wp-content\/uploads\/2020\/02\/Novias-con-manguita-08-768x1151.jpg 768w, https:\/\/thisiskool.com\/blog\/wp-content\/uploads\/2020\/02\/Novias-con-manguita-08-683x1024.jpg 683w, https:\/\/thisiskool.com\/blog\/wp-content\/uploads\/2020\/02\/Novias-con-manguita-08-720x1079.jpg 720w\" sizes=\"(max-width: 1200px) 100vw, 1200px\" \/><figcaption id=\"caption-attachment-20326\" class=\"wp-caption-text\"><em>Fotograf\u00eda: D\u00edas de vino y rosas \/ Vestido: Katarina Grey<\/em><\/figcaption><\/figure>\n<h5>Mangas largas<\/h5>\n<p>S\u00ed, tan sencillo y tan f\u00e1cil como eso. Vestidos con la manga larga. Si el novio va vestido con chaqueta \u00bfpor qu\u00e9 la novia no puede cubrir sus brazos? Aqu\u00ed tres maneras diferentes: desde la densidad y contundencia de un vestido de guipur, con mangas acampanadas por <a href=\"http:\/\/parederoquiros.com\" target=\"_blank\" rel=\"noopener noreferrer\">Paradero Quir\u00f3s<\/a>&#8230;<\/p>\n<figure id=\"attachment_20327\" aria-describedby=\"caption-attachment-20327\" style=\"width: 1200px\" class=\"wp-caption alignnone\"><img loading=\"lazy\" decoding=\"async\" class=\"size-full wp-image-20327\" src=\"https:\/\/blog.thisiskool.com\/wp-content\/uploads\/2020\/02\/Novias-con-manguita-09.jpg\" alt=\"vestido novia mangas de guipur\" width=\"1200\" height=\"2428\" srcset=\"https:\/\/thisiskool.com\/blog\/wp-content\/uploads\/2020\/02\/Novias-con-manguita-09.jpg 1200w, https:\/\/thisiskool.com\/blog\/wp-content\/uploads\/2020\/02\/Novias-con-manguita-09-768x1554.jpg 768w, https:\/\/thisiskool.com\/blog\/wp-content\/uploads\/2020\/02\/Novias-con-manguita-09-506x1024.jpg 506w, https:\/\/thisiskool.com\/blog\/wp-content\/uploads\/2020\/02\/Novias-con-manguita-09-720x1457.jpg 720w\" sizes=\"(max-width: 1200px) 100vw, 1200px\" \/><figcaption id=\"caption-attachment-20327\" class=\"wp-caption-text\"><em>Forograf\u00eda: Alejandro Bergado \/ Vestido: Paradero Quir\u00f3s<\/em><\/figcaption><\/figure>\n<p>&#8230; a un vestido con mangas de tul, siendo estas la m\u00ednima expresi\u00f3n, pero a\u00fan y as\u00ed, aportando una personalidad y una elegancia abismales. Elegancia y naturalidad la que desprende este dise\u00f1o de <a href=\"https:\/\/inunez.es\" target=\"_blank\" rel=\"noopener noreferrer\">Inu\u00f1ez Atelier<\/a><\/p>\n<figure id=\"attachment_20328\" aria-describedby=\"caption-attachment-20328\" style=\"width: 1200px\" class=\"wp-caption alignnone\"><img loading=\"lazy\" decoding=\"async\" class=\"size-full wp-image-20328\" src=\"https:\/\/blog.thisiskool.com\/wp-content\/uploads\/2020\/02\/Novias-con-manguita-10.jpg\" alt=\"vestido novia con mangas tul\" width=\"1200\" height=\"2255\" srcset=\"https:\/\/thisiskool.com\/blog\/wp-content\/uploads\/2020\/02\/Novias-con-manguita-10.jpg 1200w, https:\/\/thisiskool.com\/blog\/wp-content\/uploads\/2020\/02\/Novias-con-manguita-10-768x1443.jpg 768w, https:\/\/thisiskool.com\/blog\/wp-content\/uploads\/2020\/02\/Novias-con-manguita-10-545x1024.jpg 545w, https:\/\/thisiskool.com\/blog\/wp-content\/uploads\/2020\/02\/Novias-con-manguita-10-720x1353.jpg 720w\" sizes=\"(max-width: 1200px) 100vw, 1200px\" \/><figcaption id=\"caption-attachment-20328\" class=\"wp-caption-text\"><em>Forograf\u00eda: Ana Encabo Photo \/ Vestido: Inu\u00f1ez Design<\/em><\/figcaption><\/figure>\n<p>Y como no, no pod\u00edamos acabar sin acordarnos de esta otra chaqueta de encaje de <a href=\"http:\/\/www.alejandrasvarc.com\" target=\"_blank\" rel=\"noopener noreferrer\">Alejandra Svarc<\/a> que luci\u00f3 Paula C\u00e9li\u00e8res sobre su vestido. El look hubiera sido totalmente diferente sin esta pieza, sin esa espalda, sin esa cola y sin esas mangas acampanadas. Un dise\u00f1o sencillo pero que se adaptaba y encajaba a cada movimiento.<\/p>\n<figure id=\"attachment_20329\" aria-describedby=\"caption-attachment-20329\" style=\"width: 1200px\" class=\"wp-caption alignnone\"><img loading=\"lazy\" decoding=\"async\" class=\"size-full wp-image-20329\" src=\"https:\/\/blog.thisiskool.com\/wp-content\/uploads\/2020\/02\/Novias-con-manguita-11.jpg\" alt=\"vestido novia con chaqueta tul\" width=\"1200\" height=\"1496\" srcset=\"https:\/\/thisiskool.com\/blog\/wp-content\/uploads\/2020\/02\/Novias-con-manguita-11.jpg 1200w, https:\/\/thisiskool.com\/blog\/wp-content\/uploads\/2020\/02\/Novias-con-manguita-11-768x957.jpg 768w, https:\/\/thisiskool.com\/blog\/wp-content\/uploads\/2020\/02\/Novias-con-manguita-11-821x1024.jpg 821w, https:\/\/thisiskool.com\/blog\/wp-content\/uploads\/2020\/02\/Novias-con-manguita-11-720x898.jpg 720w\" sizes=\"(max-width: 1200px) 100vw, 1200px\" \/><figcaption id=\"caption-attachment-20329\" class=\"wp-caption-text\">Fotograf\u00eda: Lorena San Jos\u00e9 \/ Alejandra Svarc<\/figcaption><\/figure>\n<p>\u00bfQue os ha parecido esta selecci\u00f3n? \u00bfOs hemos convencido con que las mangas aportan mucho valor al estilo y a la est\u00e9tica de un vestido?<\/p>\n","protected":false},"excerpt":{"rendered":"<div class=\"post-excerpt\">Es curioso que siempre que hablamos con amigas sobre vestidos de novia acabamos defini\u00e9ndolos seg\u00fan si son de una tela u otra; si llevan encaje o no; y si su&hellip;<\/div>\n<div class=\"post-more\"><a href=\"https:\/\/thisiskool.com\/blog\/los-vestidos-con-mangas-mas-bonitos\/\" class=\"btn btn-primary btn-effect\"><span>Ver Publicaci\u00f3n<\/span><span><i class=\"icon icon-arrow-right\"><\/i><\/span><\/a><\/div>\n","protected":false},"author":10,"featured_media":20340,"comment_status":"open","ping_status":"open","sticky":false,"template":"","format":"standard","meta":{"_uf_show_specific_survey":0,"_uf_disable_surveys":false,"footnotes":""},"categories":[350],"tags":[365,890,641,889],"aioseo_notices":[],"_links":{"self":[{"href":"https:\/\/thisiskool.com\/blog\/wp-json\/wp\/v2\/posts\/20311"}],"collection":[{"href":"https:\/\/thisiskool.com\/blog\/wp-json\/wp\/v2\/posts"}],"about":[{"href":"https:\/\/thisiskool.com\/blog\/wp-json\/wp\/v2\/types\/post"}],"author":[{"embeddable":true,"href":"https:\/\/thisiskool.com\/blog\/wp-json\/wp\/v2\/users\/10"}],"replies":[{"embeddable":true,"href":"https:\/\/thisiskool.com\/blog\/wp-json\/wp\/v2\/comments?post=20311"}],"version-history":[{"count":0,"href":"https:\/\/thisiskool.com\/blog\/wp-json\/wp\/v2\/posts\/20311\/revisions"}],"wp:featuredmedia":[{"embeddable":true,"href":"https:\/\/thisiskool.com\/blog\/wp-json\/wp\/v2\/media\/20340"}],"wp:attachment":[{"href":"https:\/\/thisiskool.com\/blog\/wp-json\/wp\/v2\/media?parent=20311"}],"wp:term":[{"taxonomy":"category","embeddable":true,"href":"https:\/\/thisiskool.com\/blog\/wp-json\/wp\/v2\/categories?post=20311"},{"taxonomy":"post_tag","embeddable":true,"href":"https:\/\/thisiskool.com\/blog\/wp-json\/wp\/v2\/tags?post=20311"}],"curies":[{"name":"wp","href":"https:\/\/api.w.org\/{rel}","templated":true}]}}