{"id":18241,"date":"2017-12-30T12:55:22","date_gmt":"2017-12-30T10:55:22","guid":{"rendered":"http:\/\/thisiskool.com\/blog\/?p=18241"},"modified":"2018-02-23T17:52:11","modified_gmt":"2018-02-23T15:52:11","slug":"las-mejores-novias-del-2017","status":"publish","type":"post","link":"https:\/\/thisiskool.com\/blog\/las-mejores-novias-del-2017\/","title":{"rendered":"Las mejores novias del 2017"},"content":{"rendered":"<p style=\"text-align: justify;\">Para el \u00faltimo post del a\u00f1o, os traemos una selecci\u00f3n de las 12 novias m\u00e1s espectaculares del 2017. Novias conocidas, otras no tanto, con velo o sin velo, con pendiente largo o corto,\u00a0con looks de todos los estilos: boho, cl\u00e1sicas, dulces, modernos\u2026 \u00a0pero todas preciosas y con muucha personalidad.\u00a0Avisamos que la boca se queda abierta:<\/p>\n<h5>Original y cl\u00e1sico a la vez:<\/h5>\n<p style=\"text-align: justify;\">Cuando vimos el look de la dise\u00f1adora Flor Fuentes, nos quedamos bocabiertas. Ella misma hizo el dise\u00f1o de su vestido. Un vestido liviano, c\u00f3modo y original lleno de elegancia. Un peinado sencillo con un mo\u00f1o bajo, unos pendientes vistosos de pedrer\u00eda y un velo de m\u00ednima expresi\u00f3n a partir de una tela de seda. El ramo de flores silvestres, quedaba a la perfecci\u00f3n. Un look m\u00e1gico.<\/p>\n<p><img loading=\"lazy\" decoding=\"async\" class=\"alignnone size-full wp-image-18245\" src=\"http:\/\/thisiskool.com\/blog\/wp-content\/uploads\/2017\/12\/Las-mejores-novias-del-2017-01.jpg\" alt=\"Las-mejores-novias-del-2017-01\" width=\"1200\" height=\"800\" srcset=\"https:\/\/thisiskool.com\/blog\/wp-content\/uploads\/2017\/12\/Las-mejores-novias-del-2017-01.jpg 1200w, https:\/\/thisiskool.com\/blog\/wp-content\/uploads\/2017\/12\/Las-mejores-novias-del-2017-01-768x512.jpg 768w, https:\/\/thisiskool.com\/blog\/wp-content\/uploads\/2017\/12\/Las-mejores-novias-del-2017-01-1024x683.jpg 1024w, https:\/\/thisiskool.com\/blog\/wp-content\/uploads\/2017\/12\/Las-mejores-novias-del-2017-01-720x480.jpg 720w\" sizes=\"(max-width: 1200px) 100vw, 1200px\" \/><img loading=\"lazy\" decoding=\"async\" class=\"alignnone size-full wp-image-18246\" src=\"http:\/\/thisiskool.com\/blog\/wp-content\/uploads\/2017\/12\/Las-mejores-novias-del-2017-01-1.jpg\" alt=\"Las-mejores-novias-del-2017\" width=\"1200\" height=\"900\" srcset=\"https:\/\/thisiskool.com\/blog\/wp-content\/uploads\/2017\/12\/Las-mejores-novias-del-2017-01-1.jpg 1200w, https:\/\/thisiskool.com\/blog\/wp-content\/uploads\/2017\/12\/Las-mejores-novias-del-2017-01-1-768x576.jpg 768w, https:\/\/thisiskool.com\/blog\/wp-content\/uploads\/2017\/12\/Las-mejores-novias-del-2017-01-1-1024x768.jpg 1024w, https:\/\/thisiskool.com\/blog\/wp-content\/uploads\/2017\/12\/Las-mejores-novias-del-2017-01-1-720x540.jpg 720w\" sizes=\"(max-width: 1200px) 100vw, 1200px\" \/><br \/>\n<em>Vestido: <a href=\"https:\/\/www.instagram.com\/flor_fuertes\/?hl=es\" target=\"_blank\" rel=\"noopener\">Flor Fuentes<\/a> \/ Fotograf\u00eda: <a href=\"http:\/\/www.diasdevinoyrosas.net\" target=\"_blank\" rel=\"noopener\">D\u00edas de Vinos y Rosas<\/a><\/em><\/p>\n<h5>Mangas m\u00e1gicas:<\/h5>\n<p style=\"text-align: justify;\">El vestido de Celia era toda una obra de arte. Un escote cruzado tipo kimono y mangas enormes de una suave bambula de seda bordada encajaban a la perfecci\u00f3n con esta novia de pelo largo y corona. Parec\u00eda salida de un sue\u00f1o.<\/p>\n<p><img loading=\"lazy\" decoding=\"async\" class=\"alignnone size-full wp-image-18248\" src=\"http:\/\/thisiskool.com\/blog\/wp-content\/uploads\/2017\/12\/Las-mejores-novias-del-2017-02-1.jpg\" alt=\"Las-mejores-novias-del-2017\" width=\"1200\" height=\"677\" srcset=\"https:\/\/thisiskool.com\/blog\/wp-content\/uploads\/2017\/12\/Las-mejores-novias-del-2017-02-1.jpg 1200w, https:\/\/thisiskool.com\/blog\/wp-content\/uploads\/2017\/12\/Las-mejores-novias-del-2017-02-1-768x433.jpg 768w, https:\/\/thisiskool.com\/blog\/wp-content\/uploads\/2017\/12\/Las-mejores-novias-del-2017-02-1-1024x578.jpg 1024w, https:\/\/thisiskool.com\/blog\/wp-content\/uploads\/2017\/12\/Las-mejores-novias-del-2017-02-1-720x406.jpg 720w\" sizes=\"(max-width: 1200px) 100vw, 1200px\" \/><img loading=\"lazy\" decoding=\"async\" class=\"alignnone size-full wp-image-18247\" src=\"http:\/\/thisiskool.com\/blog\/wp-content\/uploads\/2017\/12\/Las-mejores-novias-del-2017-02.jpg\" alt=\"Las-mejores-novias-del-2017-02\" width=\"1200\" height=\"759\" srcset=\"https:\/\/thisiskool.com\/blog\/wp-content\/uploads\/2017\/12\/Las-mejores-novias-del-2017-02.jpg 1200w, https:\/\/thisiskool.com\/blog\/wp-content\/uploads\/2017\/12\/Las-mejores-novias-del-2017-02-768x486.jpg 768w, https:\/\/thisiskool.com\/blog\/wp-content\/uploads\/2017\/12\/Las-mejores-novias-del-2017-02-1024x648.jpg 1024w, https:\/\/thisiskool.com\/blog\/wp-content\/uploads\/2017\/12\/Las-mejores-novias-del-2017-02-720x455.jpg 720w\" sizes=\"(max-width: 1200px) 100vw, 1200px\" \/><br \/>\n<em>Vestido: <a href=\"http:\/\/solealonso.es\/trajes-novia\/la-boda-de-celia-en-cedeira\" target=\"_blank\" rel=\"noopener\">Sole Alonso<\/a> \/ Corona: <a href=\"http:\/\/www.sumacruz.com\" target=\"_blank\" rel=\"noopener\">Suma Cruz <\/a>\/ Fotograf\u00eda:\u00a0<a href=\"http:\/\/www.diasdevinoyrosas.net\" target=\"_blank\" rel=\"noopener\">D\u00edas de Vinos y Rosas<\/a><\/em><\/p>\n<h5>Romanticismo en movimiento:<\/h5>\n<p style=\"text-align: justify;\">No pod\u00edamos evitar no incluir el vestido de Leticia. Tambi\u00e9n confeccionado por Sole Alonso. Un vestido sencillo, con aire rom\u00e1ntico d\u00f3nde las maxi mangas vuelven a ser protagonistas junto a un lazo gris de terciopelo.<\/p>\n<p><img loading=\"lazy\" decoding=\"async\" class=\"alignnone size-full wp-image-18249\" src=\"http:\/\/thisiskool.com\/blog\/wp-content\/uploads\/2017\/12\/Las-mejores-novias-del-2017-03.jpg\" alt=\"Las-mejores-novias-del-2017-03\" width=\"1200\" height=\"1800\" srcset=\"https:\/\/thisiskool.com\/blog\/wp-content\/uploads\/2017\/12\/Las-mejores-novias-del-2017-03.jpg 1200w, https:\/\/thisiskool.com\/blog\/wp-content\/uploads\/2017\/12\/Las-mejores-novias-del-2017-03-768x1152.jpg 768w, https:\/\/thisiskool.com\/blog\/wp-content\/uploads\/2017\/12\/Las-mejores-novias-del-2017-03-683x1024.jpg 683w, https:\/\/thisiskool.com\/blog\/wp-content\/uploads\/2017\/12\/Las-mejores-novias-del-2017-03-720x1080.jpg 720w\" sizes=\"(max-width: 1200px) 100vw, 1200px\" \/><img loading=\"lazy\" decoding=\"async\" class=\"alignnone size-full wp-image-18250\" src=\"http:\/\/thisiskool.com\/blog\/wp-content\/uploads\/2017\/12\/Las-mejores-novias-del-2017-03-1.jpg\" alt=\"Las-mejores-novias-del-2017-03'\" width=\"1200\" height=\"800\" srcset=\"https:\/\/thisiskool.com\/blog\/wp-content\/uploads\/2017\/12\/Las-mejores-novias-del-2017-03-1.jpg 1200w, https:\/\/thisiskool.com\/blog\/wp-content\/uploads\/2017\/12\/Las-mejores-novias-del-2017-03-1-768x512.jpg 768w, https:\/\/thisiskool.com\/blog\/wp-content\/uploads\/2017\/12\/Las-mejores-novias-del-2017-03-1-1024x683.jpg 1024w, https:\/\/thisiskool.com\/blog\/wp-content\/uploads\/2017\/12\/Las-mejores-novias-del-2017-03-1-720x480.jpg 720w\" sizes=\"(max-width: 1200px) 100vw, 1200px\" \/><br \/>\n<em>Vestido: <a href=\"http:\/\/solealonso.es\" target=\"_blank\" rel=\"noopener\">Sole Alonso<\/a> \/ \u00a0Fotograf\u00eda: <a href=\"http:\/\/leafhopperweddings.es\" target=\"_blank\" rel=\"noopener\">Leafhopper Wedding\u00a0<\/a><\/em><\/p>\n<h5>Boho en estado puro:<\/h5>\n<p style=\"text-align: justify;\">Se nota que nos gustan los vestidos de novias con manga, \u00bfverdad? El vestido de Jara, una creaci\u00f3n de Immacl\u00e9, que nos dej\u00f3 enamoradas. Mangas acampanadas y de ca\u00edda sencilla para que la novia est\u00e9 100% c\u00f3moda. El pelo suelto, labios rojos y toda su personalidad.<\/p>\n<p><img loading=\"lazy\" decoding=\"async\" class=\"alignnone size-full wp-image-18251\" src=\"http:\/\/thisiskool.com\/blog\/wp-content\/uploads\/2017\/12\/Las-mejores-novias-del-2017-04.jpg\" alt=\"Las-mejores-novias-del-2017\" width=\"1200\" height=\"900\" srcset=\"https:\/\/thisiskool.com\/blog\/wp-content\/uploads\/2017\/12\/Las-mejores-novias-del-2017-04.jpg 1200w, https:\/\/thisiskool.com\/blog\/wp-content\/uploads\/2017\/12\/Las-mejores-novias-del-2017-04-768x576.jpg 768w, https:\/\/thisiskool.com\/blog\/wp-content\/uploads\/2017\/12\/Las-mejores-novias-del-2017-04-1024x768.jpg 1024w, https:\/\/thisiskool.com\/blog\/wp-content\/uploads\/2017\/12\/Las-mejores-novias-del-2017-04-720x540.jpg 720w\" sizes=\"(max-width: 1200px) 100vw, 1200px\" \/><br \/>\n<em>Vestido: <a href=\"http:\/\/www.immacle.com\" target=\"_blank\" rel=\"noopener\">ImmaCl\u00e9<\/a> \/ Forograf\u00eda: <a href=\"http:\/\/bangbangyou.net\" target=\"_blank\" rel=\"noopener\">Bang Bang you<\/a><\/em><\/p>\n<h5>Pamela y personalidad:<\/h5>\n<p style=\"text-align: justify;\">El look de Lorena era de infarto. Su vestido estaba compuesto de un body, poncho y una falda de \u201cquita y pon\u201d que m\u00e1s tarde cambiar\u00eda por unos pantalones. Para materializa su idea, cont\u00f3 con las hermanas Marta y Mar\u00eda de Twins in Fashion. La pamela XL que se puso para ceremonia y banquete era el colof\u00f3n para completar su look.<\/p>\n<p><img loading=\"lazy\" decoding=\"async\" class=\"alignnone size-full wp-image-18252\" src=\"http:\/\/thisiskool.com\/blog\/wp-content\/uploads\/2017\/12\/Las-mejores-novias-del-2017-05.jpg\" alt=\"Las-mejores-novias-del-2017-05\" width=\"1200\" height=\"675\" srcset=\"https:\/\/thisiskool.com\/blog\/wp-content\/uploads\/2017\/12\/Las-mejores-novias-del-2017-05.jpg 1200w, https:\/\/thisiskool.com\/blog\/wp-content\/uploads\/2017\/12\/Las-mejores-novias-del-2017-05-768x432.jpg 768w, https:\/\/thisiskool.com\/blog\/wp-content\/uploads\/2017\/12\/Las-mejores-novias-del-2017-05-1024x576.jpg 1024w, https:\/\/thisiskool.com\/blog\/wp-content\/uploads\/2017\/12\/Las-mejores-novias-del-2017-05-720x405.jpg 720w\" sizes=\"(max-width: 1200px) 100vw, 1200px\" \/><img loading=\"lazy\" decoding=\"async\" class=\"alignnone size-full wp-image-18253\" src=\"http:\/\/thisiskool.com\/blog\/wp-content\/uploads\/2017\/12\/Las-mejores-novias-del-2017-05-1.jpg\" alt=\"Las-mejores-novias-del-2017\" width=\"1200\" height=\"869\" srcset=\"https:\/\/thisiskool.com\/blog\/wp-content\/uploads\/2017\/12\/Las-mejores-novias-del-2017-05-1.jpg 1200w, https:\/\/thisiskool.com\/blog\/wp-content\/uploads\/2017\/12\/Las-mejores-novias-del-2017-05-1-768x556.jpg 768w, https:\/\/thisiskool.com\/blog\/wp-content\/uploads\/2017\/12\/Las-mejores-novias-del-2017-05-1-1024x742.jpg 1024w, https:\/\/thisiskool.com\/blog\/wp-content\/uploads\/2017\/12\/Las-mejores-novias-del-2017-05-1-720x521.jpg 720w\" sizes=\"(max-width: 1200px) 100vw, 1200px\" \/><br \/>\n<em>Vestido: <a href=\"http:\/\/blogs.glamour.es\/twins-in-fashion\/\" target=\"_blank\" rel=\"noopener\">Twins in Fashion <\/a>\/ Pamela: <a href=\"https:\/\/www.lacasadeltocado.net\/es\/\" target=\"_blank\" rel=\"noopener\">La Casa del Tocado<\/a> \/ Fotograf\u00eda: <a href=\"http:\/\/rosseblanc.com\/lorena-francisco\/\" target=\"_blank\" rel=\"noopener\">Rosse Blanc<\/a><\/em><\/p>\n<h5>Un look de celebrity:<\/h5>\n<p style=\"text-align: justify;\">Dafne Fern\u00e1ndez eligi\u00f3 un dise\u00f1o confeccionado en ordanza con detalles florales en los laterales del cuerpo bordados en lino r\u00fastico. Manga corta, cuello de barco y una espalda semitransparente. Un estilo cl\u00e1sico que combin\u00f3 con unos pedientes de dimante <em>earcuff<\/em> muy modernos, muy <em>millenial<\/em>. Un resultado espectacular.<\/p>\n<p><img loading=\"lazy\" decoding=\"async\" class=\"alignnone size-full wp-image-18256\" src=\"http:\/\/thisiskool.com\/blog\/wp-content\/uploads\/2017\/12\/Las-mejores-novias-del-2017-06-1.jpg\" alt=\"Las-mejores-novias-del-2017-06''\" width=\"1200\" height=\"800\" srcset=\"https:\/\/thisiskool.com\/blog\/wp-content\/uploads\/2017\/12\/Las-mejores-novias-del-2017-06-1.jpg 1200w, https:\/\/thisiskool.com\/blog\/wp-content\/uploads\/2017\/12\/Las-mejores-novias-del-2017-06-1-768x512.jpg 768w, https:\/\/thisiskool.com\/blog\/wp-content\/uploads\/2017\/12\/Las-mejores-novias-del-2017-06-1-1024x683.jpg 1024w, https:\/\/thisiskool.com\/blog\/wp-content\/uploads\/2017\/12\/Las-mejores-novias-del-2017-06-1-720x480.jpg 720w\" sizes=\"(max-width: 1200px) 100vw, 1200px\" \/><img loading=\"lazy\" decoding=\"async\" class=\"alignnone size-full wp-image-18255\" src=\"http:\/\/thisiskool.com\/blog\/wp-content\/uploads\/2017\/12\/Las-mejores-novias-del-2017-06.png\" alt=\"Las-mejores-novias-del-2017-06'\" width=\"1200\" height=\"1501\" srcset=\"https:\/\/thisiskool.com\/blog\/wp-content\/uploads\/2017\/12\/Las-mejores-novias-del-2017-06.png 1200w, https:\/\/thisiskool.com\/blog\/wp-content\/uploads\/2017\/12\/Las-mejores-novias-del-2017-06-768x961.png 768w, https:\/\/thisiskool.com\/blog\/wp-content\/uploads\/2017\/12\/Las-mejores-novias-del-2017-06-819x1024.png 819w, https:\/\/thisiskool.com\/blog\/wp-content\/uploads\/2017\/12\/Las-mejores-novias-del-2017-06-720x901.png 720w\" sizes=\"(max-width: 1200px) 100vw, 1200px\" \/><img loading=\"lazy\" decoding=\"async\" class=\"alignnone size-full wp-image-18254\" src=\"http:\/\/thisiskool.com\/blog\/wp-content\/uploads\/2017\/12\/Las-mejores-novias-del-2017-06.jpg\" alt=\"Las-mejores-novias-del-2017-06\" width=\"1080\" height=\"1350\" srcset=\"https:\/\/thisiskool.com\/blog\/wp-content\/uploads\/2017\/12\/Las-mejores-novias-del-2017-06.jpg 1080w, https:\/\/thisiskool.com\/blog\/wp-content\/uploads\/2017\/12\/Las-mejores-novias-del-2017-06-768x960.jpg 768w, https:\/\/thisiskool.com\/blog\/wp-content\/uploads\/2017\/12\/Las-mejores-novias-del-2017-06-819x1024.jpg 819w, https:\/\/thisiskool.com\/blog\/wp-content\/uploads\/2017\/12\/Las-mejores-novias-del-2017-06-720x900.jpg 720w\" sizes=\"(max-width: 1080px) 100vw, 1080px\" \/><br \/>\n<em>Vestido: <a href=\"http:\/\/nnavascues.com\" target=\"_blank\" rel=\"noopener\">Navascu\u00e9s<\/a> \/ Fotograf\u00eda: <a href=\"http:\/\/www.padilla-rigau.com\/ca\/weddings\" target=\"_blank\" rel=\"noopener\">Padilla Rigau<\/a><\/em><\/p>\n<h5>Estilo puro:<\/h5>\n<p style=\"text-align: justify;\">No pod\u00edamos dejar de incluir en esta selecci\u00f3n el look de una de las dise\u00f1adoras de vestidos de novia m\u00e1s importante del panorama actual: In\u00e9s Mart\u00edn Alcalde.\u00a0Como ella misma explica, decidi\u00f3 un look divertido compuesto por: una bomber de encaje, un vestido de corte cl\u00e1sico de cuello de pico y una falda por debajo como una enagua, lleno de encajes.<\/p>\n<p><img loading=\"lazy\" decoding=\"async\" class=\"alignnone size-full wp-image-18257\" src=\"http:\/\/thisiskool.com\/blog\/wp-content\/uploads\/2017\/12\/Las-mejores-novias-del-2017-07.jpg\" alt=\"Las-mejores-novias-del-2017\" width=\"1200\" height=\"899\" srcset=\"https:\/\/thisiskool.com\/blog\/wp-content\/uploads\/2017\/12\/Las-mejores-novias-del-2017-07.jpg 1200w, https:\/\/thisiskool.com\/blog\/wp-content\/uploads\/2017\/12\/Las-mejores-novias-del-2017-07-768x575.jpg 768w, https:\/\/thisiskool.com\/blog\/wp-content\/uploads\/2017\/12\/Las-mejores-novias-del-2017-07-1024x767.jpg 1024w, https:\/\/thisiskool.com\/blog\/wp-content\/uploads\/2017\/12\/Las-mejores-novias-del-2017-07-720x539.jpg 720w\" sizes=\"(max-width: 1200px) 100vw, 1200px\" \/><br \/>\n<em>Vestido: <a href=\"http:\/\/www.inesmartinalcalde.com\" target=\"_blank\" rel=\"noopener\">In\u00e9s Mart\u00edn Alcalde <\/a>\/ Fotograf\u00eda: <a href=\"http:\/\/www.livenph.com\" target=\"_blank\" rel=\"noopener\">Liven Photography<\/a><\/em><\/p>\n<h5>Belleza de felicidad:<\/h5>\n<p style=\"text-align: justify;\">Una de las <a href=\"http:\/\/thisiskool.com\/blog\/boda-belen-y-albert\/\" target=\"_blank\" rel=\"noopener\">novias m\u00e1s felices<\/a> del 2017, esta felicidad se convirti\u00f3 en el mejor secreto para estar radiante y bell\u00edsima. Nuestra amiga Bel\u00e9n eligi\u00f3 in dise\u00f1o rom\u00e1ntico compuesto por un vestido sencillo que se cubr\u00eda por un cuerpo de manga corta que se cerraba por detr\u00e1s. \u00a0El complemento estrella fue el velo. Un tul de color rosa empolvado que ca\u00eda de su semirecogido de flores. Muy natural y elegante a la vez.<\/p>\n<p><img loading=\"lazy\" decoding=\"async\" class=\"alignnone size-full wp-image-18258\" src=\"http:\/\/thisiskool.com\/blog\/wp-content\/uploads\/2017\/12\/Las-mejores-novias-del-2017-08.jpg\" alt=\"Las-mejores-novias-del-2017-08\" width=\"1200\" height=\"1798\" srcset=\"https:\/\/thisiskool.com\/blog\/wp-content\/uploads\/2017\/12\/Las-mejores-novias-del-2017-08.jpg 1200w, https:\/\/thisiskool.com\/blog\/wp-content\/uploads\/2017\/12\/Las-mejores-novias-del-2017-08-768x1151.jpg 768w, https:\/\/thisiskool.com\/blog\/wp-content\/uploads\/2017\/12\/Las-mejores-novias-del-2017-08-683x1024.jpg 683w, https:\/\/thisiskool.com\/blog\/wp-content\/uploads\/2017\/12\/Las-mejores-novias-del-2017-08-720x1079.jpg 720w\" sizes=\"(max-width: 1200px) 100vw, 1200px\" \/><img loading=\"lazy\" decoding=\"async\" class=\"alignnone size-full wp-image-18259\" src=\"http:\/\/thisiskool.com\/blog\/wp-content\/uploads\/2017\/12\/Las-mejores-novias-del-2017-08-1.jpg\" alt=\"Las-mejores-novias-del-2017-08'\" width=\"1200\" height=\"799\" srcset=\"https:\/\/thisiskool.com\/blog\/wp-content\/uploads\/2017\/12\/Las-mejores-novias-del-2017-08-1.jpg 1200w, https:\/\/thisiskool.com\/blog\/wp-content\/uploads\/2017\/12\/Las-mejores-novias-del-2017-08-1-768x511.jpg 768w, https:\/\/thisiskool.com\/blog\/wp-content\/uploads\/2017\/12\/Las-mejores-novias-del-2017-08-1-1024x682.jpg 1024w, https:\/\/thisiskool.com\/blog\/wp-content\/uploads\/2017\/12\/Las-mejores-novias-del-2017-08-1-720x480.jpg 720w\" sizes=\"(max-width: 1200px) 100vw, 1200px\" \/><br \/>\n<em>Vestido: <a href=\"http:\/\/www.jordianguera.com\" target=\"_blank\" rel=\"noopener\">Jordi Anguera <\/a>\/ Fotograf\u00eda: <\/em><a href=\"http:\/\/actualphotobarcelona.com\" target=\"_blank\" rel=\"noopener\"><em>Actual Photo<\/em><\/a><\/p>\n<h5>El encaje que se adapta a la fiesta:<\/h5>\n<p style=\"text-align: justify;\">In\u00e9s eligi\u00f3 un vestido que fue cambiando a lo largo de la boda. Durante la ceremonia, el vestido llevaba un chaleco y una sobrefalda de encaje en tono beige que se cog\u00eda a la cintura con un lazo de terciopelo y un broche que era de su abuela. Llegada la noche, se sac\u00f3 el chaleco y el encaje para dar lugar a un vestido blanco muy minimalista. Un vestido hecho un sue\u00f1o.<\/p>\n<p><img loading=\"lazy\" decoding=\"async\" class=\"alignnone size-full wp-image-18260\" src=\"http:\/\/thisiskool.com\/blog\/wp-content\/uploads\/2017\/12\/Las-mejores-novias-del-2017-09.jpg\" alt=\"Las-mejores-novias-del-2017\" width=\"1200\" height=\"900\" srcset=\"https:\/\/thisiskool.com\/blog\/wp-content\/uploads\/2017\/12\/Las-mejores-novias-del-2017-09.jpg 1200w, https:\/\/thisiskool.com\/blog\/wp-content\/uploads\/2017\/12\/Las-mejores-novias-del-2017-09-768x576.jpg 768w, https:\/\/thisiskool.com\/blog\/wp-content\/uploads\/2017\/12\/Las-mejores-novias-del-2017-09-1024x768.jpg 1024w, https:\/\/thisiskool.com\/blog\/wp-content\/uploads\/2017\/12\/Las-mejores-novias-del-2017-09-720x540.jpg 720w\" sizes=\"(max-width: 1200px) 100vw, 1200px\" \/><br \/>\n<em>Vestido: <a href=\"http:\/\/www.inesmartinalcalde.com\" target=\"_blank\" rel=\"noopener\">In\u00e9s Mart\u00edn Alcalde <\/a>\/ Fotograf\u00eda : <a href=\"http:\/\/www.iciarjcarrasco.com\" target=\"_blank\" rel=\"noopener\">Iciar J Carrasco<\/a> y Pablo G\u00f3mez-Orgando<\/em><\/p>\n<h5>La novia m\u00e1s dulce:<\/h5>\n<p style=\"text-align: justify;\">La <em>influencer\u00a0<\/em>e\u00a0<em>instagirl\u00a0<\/em>Carla Inojosa se cas\u00f3 el pasado mes de julio, <a href=\"http:\/\/thisiskool.com\/blog\/carla-hinojosa-una-boda-llena-de-detalles\/\" target=\"_blank\" rel=\"noopener\">aqu\u00ed <\/a>todos los detalles. Una celibrity como ella, no pudo elegir vestido m\u00e1s acorde. Un vestido espectacular compuesto por una impresionante falda hecha con m\u00e1s de diez capas de tul y la parte superior de\u00a0<em>chantilly\u00a0<\/em>franc\u00e9s y piedras\u00a0<em>Swaroskyi<\/em>.<\/p>\n<p><img loading=\"lazy\" decoding=\"async\" class=\"alignnone size-full wp-image-18261\" src=\"http:\/\/thisiskool.com\/blog\/wp-content\/uploads\/2017\/12\/Las-mejores-novias-del-2017-10.jpg\" alt=\"\" width=\"1200\" height=\"800\" srcset=\"https:\/\/thisiskool.com\/blog\/wp-content\/uploads\/2017\/12\/Las-mejores-novias-del-2017-10.jpg 1200w, https:\/\/thisiskool.com\/blog\/wp-content\/uploads\/2017\/12\/Las-mejores-novias-del-2017-10-768x512.jpg 768w, https:\/\/thisiskool.com\/blog\/wp-content\/uploads\/2017\/12\/Las-mejores-novias-del-2017-10-1024x683.jpg 1024w, https:\/\/thisiskool.com\/blog\/wp-content\/uploads\/2017\/12\/Las-mejores-novias-del-2017-10-720x480.jpg 720w\" sizes=\"(max-width: 1200px) 100vw, 1200px\" \/><img loading=\"lazy\" decoding=\"async\" class=\"alignnone size-full wp-image-18262\" src=\"http:\/\/thisiskool.com\/blog\/wp-content\/uploads\/2017\/12\/Las-mejores-novias-del-2017-10-1.jpg\" alt=\"Las-mejores-novias-del-2017-10'\" width=\"1200\" height=\"800\" srcset=\"https:\/\/thisiskool.com\/blog\/wp-content\/uploads\/2017\/12\/Las-mejores-novias-del-2017-10-1.jpg 1200w, https:\/\/thisiskool.com\/blog\/wp-content\/uploads\/2017\/12\/Las-mejores-novias-del-2017-10-1-768x512.jpg 768w, https:\/\/thisiskool.com\/blog\/wp-content\/uploads\/2017\/12\/Las-mejores-novias-del-2017-10-1-1024x683.jpg 1024w, https:\/\/thisiskool.com\/blog\/wp-content\/uploads\/2017\/12\/Las-mejores-novias-del-2017-10-1-720x480.jpg 720w\" sizes=\"(max-width: 1200px) 100vw, 1200px\" \/><br \/>\n<em>Vestido:\u00a0<a href=\"https:\/\/www.jesuspeiro.com\" target=\"_blank\" rel=\"noopener\">Jes\u00fas Peir\u00f3 <\/a>\/ Fotograf\u00eda: Robert Marcillas<\/em><\/p>\n<h5>Un look de raza:<\/h5>\n<p style=\"text-align: justify;\">Este look de novia es para hacer un aplauso. La personalidad de Johanna (<a href=\"https:\/\/www.instagram.com\/johannaortiz_c\/\" target=\"_blank\" rel=\"noopener\">@johannaortiz_c<\/a>) hizo que su look fuera lo m\u00e1s especial y admirado en este 2017. El protagonista, sin duda, el velo de lunares borado a mano por Cherubina.<br \/>\n<img loading=\"lazy\" decoding=\"async\" class=\"alignnone size-full wp-image-18264\" src=\"http:\/\/thisiskool.com\/blog\/wp-content\/uploads\/2017\/12\/Las-mejores-novias-del-2017-11.jpg\" alt=\"Las-mejores-novias-del-2017\" width=\"1200\" height=\"769\" srcset=\"https:\/\/thisiskool.com\/blog\/wp-content\/uploads\/2017\/12\/Las-mejores-novias-del-2017-11.jpg 1200w, https:\/\/thisiskool.com\/blog\/wp-content\/uploads\/2017\/12\/Las-mejores-novias-del-2017-11-768x492.jpg 768w, https:\/\/thisiskool.com\/blog\/wp-content\/uploads\/2017\/12\/Las-mejores-novias-del-2017-11-1024x656.jpg 1024w, https:\/\/thisiskool.com\/blog\/wp-content\/uploads\/2017\/12\/Las-mejores-novias-del-2017-11-720x461.jpg 720w\" sizes=\"(max-width: 1200px) 100vw, 1200px\" \/><br \/>\n<em>Vestido: <a href=\"http:\/\/cherubina.com\" target=\"_blank\" rel=\"noopener\">Cherubina<\/a> \/ Fotografia: <a href=\"http:\/\/www.luciacherubina.com\" target=\"_blank\" rel=\"noopener\">Lucia Cherubina<\/a><\/em><\/p>\n<h5>Bordando la Naturalidad:<\/h5>\n<p style=\"text-align: justify;\">El look de Esther nos dej\u00f3 fascinadas. Hu\u00eda del blanco y de las convencionalidades, as\u00ed que acert\u00f3 de pleno con un dise\u00f1o personalizado en bordados de flores de colores y manga de campana, un aire boho chic que inspiraba libertad y esp\u00edritu bohemio.<\/p>\n<p><img loading=\"lazy\" decoding=\"async\" class=\"alignnone size-full wp-image-18265\" src=\"http:\/\/thisiskool.com\/blog\/wp-content\/uploads\/2017\/12\/Las-mejores-novias-del-2017-12.jpg\" alt=\"Las-mejores-novias-del-2017\" width=\"1200\" height=\"884\" srcset=\"https:\/\/thisiskool.com\/blog\/wp-content\/uploads\/2017\/12\/Las-mejores-novias-del-2017-12.jpg 1200w, https:\/\/thisiskool.com\/blog\/wp-content\/uploads\/2017\/12\/Las-mejores-novias-del-2017-12-768x566.jpg 768w, https:\/\/thisiskool.com\/blog\/wp-content\/uploads\/2017\/12\/Las-mejores-novias-del-2017-12-1024x754.jpg 1024w, https:\/\/thisiskool.com\/blog\/wp-content\/uploads\/2017\/12\/Las-mejores-novias-del-2017-12-720x530.jpg 720w\" sizes=\"(max-width: 1200px) 100vw, 1200px\" \/><br \/>\n<em>Vestido: <a href=\"http:\/\/www.immacle.com\" target=\"_blank\" rel=\"noopener\">ImmaCl\u00e9 <\/a>\/ Fotograf\u00eda: <a href=\"http:\/\/www.serafincastillo.com\" target=\"_blank\" rel=\"noopener\">Seraf\u00edn Castillo<\/a><\/em><\/p>\n<p style=\"text-align: justify;\">\u00bfQu\u00e9 os ha parecido nuestra selecci\u00f3n de novias? \u00bfCrees que estos looks van a marcar tendencia el 2018?<\/p>\n","protected":false},"excerpt":{"rendered":"<div class=\"post-excerpt\">Para el \u00faltimo post del a\u00f1o, os traemos una selecci\u00f3n de las 12 novias m\u00e1s espectaculares del 2017. Novias conocidas, otras no tanto, con velo o sin velo, con pendiente&hellip;<\/div>\n<div class=\"post-more\"><a href=\"https:\/\/thisiskool.com\/blog\/las-mejores-novias-del-2017\/\" class=\"btn btn-primary btn-effect\"><span>Ver Publicaci\u00f3n<\/span><span><i class=\"icon icon-arrow-right\"><\/i><\/span><\/a><\/div>\n","protected":false},"author":1,"featured_media":18270,"comment_status":"open","ping_status":"open","sticky":false,"template":"","format":"standard","meta":{"_uf_show_specific_survey":0,"_uf_disable_surveys":false,"footnotes":""},"categories":[350],"tags":[565,762,761,763,765,764],"aioseo_notices":[],"_links":{"self":[{"href":"https:\/\/thisiskool.com\/blog\/wp-json\/wp\/v2\/posts\/18241"}],"collection":[{"href":"https:\/\/thisiskool.com\/blog\/wp-json\/wp\/v2\/posts"}],"about":[{"href":"https:\/\/thisiskool.com\/blog\/wp-json\/wp\/v2\/types\/post"}],"author":[{"embeddable":true,"href":"https:\/\/thisiskool.com\/blog\/wp-json\/wp\/v2\/users\/1"}],"replies":[{"embeddable":true,"href":"https:\/\/thisiskool.com\/blog\/wp-json\/wp\/v2\/comments?post=18241"}],"version-history":[{"count":0,"href":"https:\/\/thisiskool.com\/blog\/wp-json\/wp\/v2\/posts\/18241\/revisions"}],"wp:featuredmedia":[{"embeddable":true,"href":"https:\/\/thisiskool.com\/blog\/wp-json\/wp\/v2\/media\/18270"}],"wp:attachment":[{"href":"https:\/\/thisiskool.com\/blog\/wp-json\/wp\/v2\/media?parent=18241"}],"wp:term":[{"taxonomy":"category","embeddable":true,"href":"https:\/\/thisiskool.com\/blog\/wp-json\/wp\/v2\/categories?post=18241"},{"taxonomy":"post_tag","embeddable":true,"href":"https:\/\/thisiskool.com\/blog\/wp-json\/wp\/v2\/tags?post=18241"}],"curies":[{"name":"wp","href":"https:\/\/api.w.org\/{rel}","templated":true}]}}